{"id":8755,"date":"2024-12-02T18:45:19","date_gmt":"2024-12-02T17:45:19","guid":{"rendered":"https:\/\/elcafedepipa.com\/?p=8755"},"modified":"2024-12-02T18:45:21","modified_gmt":"2024-12-02T17:45:21","slug":"la-vall-duixo-arranca-la-setmana-de-la-diversitat-funcional-amb-una-exposicio-fotografica","status":"publish","type":"post","link":"https:\/\/elcafedepipa.com\/index.php\/2024\/12\/02\/la-vall-duixo-arranca-la-setmana-de-la-diversitat-funcional-amb-una-exposicio-fotografica\/","title":{"rendered":"La Vall d\u2019Uix\u00f3 arranca la Setmana de la Diversitat Funcional amb una exposici\u00f3 fotogr\u00e0fica"},"content":{"rendered":"\n<p><strong>La mostra d&#8217;Afaniad que visibilitza hist\u00f2ries de valentia i resili\u00e8ncia es pot visitar fins al 12 de desembre<\/strong><\/p>\n\n\n\n<p>La Vall d&#8217;Uix\u00f3 ha arrancat les activitats de la Setmana de la Diversitat Funcional amb l&#8217;obertura de l&#8217;exposici\u00f3 fotogr\u00e0fica J<em><strong>o dona, tu c\u00f2mplice, elles lluitadores<\/strong><\/em>. L&#8217;acte ha estat organitzat per Afaniad i Plena Inclusi\u00f3n, amb l&#8217;objectiu de recon\u00e8ixer la valentia i resili\u00e8ncia de les dones amb diversitat intel\u00b7lectual o del desenvolupament i visibilitzar hist\u00f2ries de superaci\u00f3. Es pot visitar a Caixa La Vall fins al 12 de desembre, guiada de 17.30 a 18.30 hores cada dia feiner.<\/p>\n\n\n\n<p>El regidor de Serveis Socials, Jorge Marqu\u00e9s, ha destacat que la programaci\u00f3 d&#8217;aquest any &#8220;treballa des de la nostra realitat&#8221; amb activitats de visibilitzaci\u00f3 com aquesta exposici\u00f3 fotogr\u00e0fica &#8220;sobre dones referents que han fet hist\u00f2ria&#8221;. A la mostra dones amb diversitat funcional caracteritzen dones que han suposat una fita hist\u00f2rica, des de Clara Campoamor a Marie Curie, Malala o Rigoberta Mench\u00fa.<\/p>\n\n\n\n<p>Des de l&#8217;Ajuntament es comen\u00e7ar\u00e0 a treballar en un pla estrat\u00e8gic que \u201ctreballe per totes les persones amb diversitat funcional, acompanye els cuidadors i guies i obriga portes, oportunitats laborals i d&#8217;inclusi\u00f3 perqu\u00e8 ning\u00fa es quede enrere\u201d. Per aix\u00f2, aquest mateix dimecres es constituir\u00e0 el grup de treball -una taula t\u00e8cnica, grup d&#8217;assessorament i comissi\u00f3 d&#8217;accessibilitat- per a la redacci\u00f3 i l&#8217;aprovaci\u00f3.<\/p>\n\n\n\n<p>Les activitats d&#8217;aquesta setmana continuaran dem\u00e0 amb una jornada esportiva del CRISOL (Centre de Rehabilitaci\u00f3 i Inserci\u00f3 Social per a persones amb malaltia mental greu), en qu\u00e8 participaran tamb\u00e9 altres centres i recursos de la prov\u00edncia. De 10.30 a 13.30 hores hi haur\u00e0 competicions de p\u00e0del, bitlles, balls, b\u00e0dminton i petanca, a m\u00e9s de ser un espai de trobada i conviv\u00e8ncia.<\/p>\n\n\n\n<figure class=\"wp-block-image size-large\"><img fetchpriority=\"high\" decoding=\"async\" width=\"1024\" height=\"768\" src=\"https:\/\/elcafedepipa.com\/wp-content\/uploads\/2024\/12\/dones-i-diversitat-3-1024x768.jpeg\" alt=\"\" class=\"wp-image-8757\" srcset=\"https:\/\/elcafedepipa.com\/wp-content\/uploads\/2024\/12\/dones-i-diversitat-3-1024x768.jpeg 1024w, https:\/\/elcafedepipa.com\/wp-content\/uploads\/2024\/12\/dones-i-diversitat-3-300x225.jpeg 300w, https:\/\/elcafedepipa.com\/wp-content\/uploads\/2024\/12\/dones-i-diversitat-3-768x576.jpeg 768w, https:\/\/elcafedepipa.com\/wp-content\/uploads\/2024\/12\/dones-i-diversitat-3-1536x1152.jpeg 1536w, https:\/\/elcafedepipa.com\/wp-content\/uploads\/2024\/12\/dones-i-diversitat-3.jpeg 1600w\" sizes=\"(max-width: 1024px) 100vw, 1024px\" \/><\/figure>\n\n\n\n<figure class=\"wp-block-image size-large is-resized\"><img decoding=\"async\" width=\"1024\" height=\"768\" src=\"https:\/\/elcafedepipa.com\/wp-content\/uploads\/2024\/12\/dones-i-diversitat-1-1024x768.jpeg\" alt=\"\" class=\"wp-image-8758\" style=\"width:1021px;height:auto\" srcset=\"https:\/\/elcafedepipa.com\/wp-content\/uploads\/2024\/12\/dones-i-diversitat-1-1024x768.jpeg 1024w, https:\/\/elcafedepipa.com\/wp-content\/uploads\/2024\/12\/dones-i-diversitat-1-300x225.jpeg 300w, https:\/\/elcafedepipa.com\/wp-content\/uploads\/2024\/12\/dones-i-diversitat-1-768x576.jpeg 768w, https:\/\/elcafedepipa.com\/wp-content\/uploads\/2024\/12\/dones-i-diversitat-1-1536x1152.jpeg 1536w, https:\/\/elcafedepipa.com\/wp-content\/uploads\/2024\/12\/dones-i-diversitat-1.jpeg 1600w\" sizes=\"(max-width: 1024px) 100vw, 1024px\" \/><\/figure>\n","protected":false},"excerpt":{"rendered":"<p>La mostra d&#8217;Afaniad que visibilitza hist\u00f2ries de valentia i resili\u00e8ncia es pot visitar fins al 12 de desembre La Vall d&#8217;Uix\u00f3 ha arrancat les activitats de la Setmana de la Diversitat Funcional amb l&#8217;obertura de l&#8217;exposici\u00f3 fotogr\u00e0fica Jo dona, tu c\u00f2mplice, elles lluitadores. L&#8217;acte ha estat organitzat per Afaniad i Plena Inclusi\u00f3n, amb l&#8217;objectiu de &#8230; <a title=\"La Vall d\u2019Uix\u00f3 arranca la Setmana de la Diversitat Funcional amb una exposici\u00f3 fotogr\u00e0fica\" class=\"read-more\" href=\"https:\/\/elcafedepipa.com\/index.php\/2024\/12\/02\/la-vall-duixo-arranca-la-setmana-de-la-diversitat-funcional-amb-una-exposicio-fotografica\/\" aria-label=\"M\u00e9s informaci\u00f3 sobre La Vall d\u2019Uix\u00f3 arranca la Setmana de la Diversitat Funcional amb una exposici\u00f3 fotogr\u00e0fica\">Read more<\/a><\/p>\n","protected":false},"author":2,"featured_media":8756,"comment_status":"closed","ping_status":"closed","sticky":false,"template":"","format":"standard","meta":{"om_disable_all_campaigns":false,"_monsterinsights_skip_tracking":false,"_monsterinsights_sitenote_active":false,"_monsterinsights_sitenote_note":"","_monsterinsights_sitenote_category":0,"_uf_show_specific_survey":0,"_uf_disable_surveys":false,"footnotes":""},"categories":[1],"tags":[],"class_list":["post-8755","post","type-post","status-publish","format-standard","has-post-thumbnail","hentry","category-non-classe"],"_links":{"self":[{"href":"https:\/\/elcafedepipa.com\/index.php\/wp-json\/wp\/v2\/posts\/8755","targetHints":{"allow":["GET"]}}],"collection":[{"href":"https:\/\/elcafedepipa.com\/index.php\/wp-json\/wp\/v2\/posts"}],"about":[{"href":"https:\/\/elcafedepipa.com\/index.php\/wp-json\/wp\/v2\/types\/post"}],"author":[{"embeddable":true,"href":"https:\/\/elcafedepipa.com\/index.php\/wp-json\/wp\/v2\/users\/2"}],"replies":[{"embeddable":true,"href":"https:\/\/elcafedepipa.com\/index.php\/wp-json\/wp\/v2\/comments?post=8755"}],"version-history":[{"count":0,"href":"https:\/\/elcafedepipa.com\/index.php\/wp-json\/wp\/v2\/posts\/8755\/revisions"}],"wp:featuredmedia":[{"embeddable":true,"href":"https:\/\/elcafedepipa.com\/index.php\/wp-json\/wp\/v2\/media\/8756"}],"wp:attachment":[{"href":"https:\/\/elcafedepipa.com\/index.php\/wp-json\/wp\/v2\/media?parent=8755"}],"wp:term":[{"taxonomy":"category","embeddable":true,"href":"https:\/\/elcafedepipa.com\/index.php\/wp-json\/wp\/v2\/categories?post=8755"},{"taxonomy":"post_tag","embeddable":true,"href":"https:\/\/elcafedepipa.com\/index.php\/wp-json\/wp\/v2\/tags?post=8755"}],"curies":[{"name":"wp","href":"https:\/\/api.w.org\/{rel}","templated":true}]}}