{"id":8748,"date":"2024-12-02T18:14:23","date_gmt":"2024-12-02T17:14:23","guid":{"rendered":"https:\/\/elcafedepipa.com\/?p=8748"},"modified":"2024-12-02T18:14:25","modified_gmt":"2024-12-02T17:14:25","slug":"el-pp-de-la-vall-trasllada-a-lequip-de-govern-les-protestes-dels-usuaris-de-la-piscina","status":"publish","type":"post","link":"https:\/\/elcafedepipa.com\/index.php\/2024\/12\/02\/el-pp-de-la-vall-trasllada-a-lequip-de-govern-les-protestes-dels-usuaris-de-la-piscina\/","title":{"rendered":"El PP de la Vall trasllada a l&#8217;equip de govern les protestes dels usuaris de la piscina"},"content":{"rendered":"\n<p>&#8220;Usuaris de la piscina municipal coberta de la Vall d&#8217;Uix\u00f3 denuncien des del passat octubre problemes en el control del tractament del clor en tots dos gots de la infraestructura. Les queixes, lluny d&#8217;atendre&#8217;s, s&#8217;han incrementat. Ara s\u00f3n les fam\u00edlies de menors les que q\u00fcestionen la temperatura de l&#8217;aigua que consideren \u00e9s molt baixa per a l&#8217;\u00e8poca de l&#8217;any&#8221; afirma el portaveu popular, Herminio Serra, que ha traslladat estes q\u00fcestions a l&#8217;alcaldessa de la Vall, Tania Ba\u00f1os.<\/p>\n\n\n\n<p>\u201cL&#8217;objectiu \u00e9s clar: donar solucions\u201d, ha considerat el regidor. A l&#8217;octubre, davant les primeres protestes d&#8217;esportistes d&#8217;elit que fan \u00fas d&#8217;estes instal\u00b7lacions per la terbolesa de l&#8217;aigua, el regidor del PP ja va presentar consulta al ple perqu\u00e8 es tinguera en compte esta circumst\u00e0ncia \u201cque estava provocant a m\u00e9s tos entre els usuaris i tamb\u00e9 picors\u201d.<\/p>\n\n\n\n<p>Al novembre, el portaveu del PP ha tornat a elevar a l&#8217;equip de govern estes q\u00fcestions amb l&#8217;objectiu que s&#8217;atenguen, ja que \u201clluny de resoldre&#8217;s, s&#8217;han incrementat\u201d. \u201cHem donat lectura d&#8217;un escrit que s&#8217;ha mogut en la piscina i que partix dels afectats\u201d. A esta problem\u00e0tica s\u2019afegixen hui les protestes que arriben de fam\u00edlies amb menors que acudixen a cursets. \u201cQ\u00fcestionen la temperatura de l&#8217;aigua, excessivament baixa per a l&#8217;\u00e8poca de l&#8217;any en la qual ens trobem. Hem demanat a l&#8217;equip de govern que atenga estes queixes\u201d.<\/p>\n\n\n\n<p><strong>Mobilitzaci\u00f3 entre els usuaris<\/strong><\/p>\n\n\n\n<p>Serra comentava que la falta de reacci\u00f3 de l&#8217;equip de govern va provocar que el mes passat els usuaris de la piscina es mobilitzaren tractant de canalitzar les queixes en la instal\u00b7laci\u00f3. Amb un document depositat en cada taquilla, els usuaris q\u00fcestionen les condicions d&#8217;una infraestructura que paguen degudament i les prestacions de la qual s&#8217;han de corregir en el cas que hi haja alguna incid\u00e8ncia.<\/p>\n\n\n\n<p>El regidor del PP en la Vall, Herminio Serra, va donar lectura en l&#8217;\u00faltim ple de novembre d&#8217;este escrit \u201cque arriba dels usuaris que nom\u00e9s demanen que se&#8217;ls escolte\u201d. En este sentit, \u201c\u00e9s el que demanem nosaltres, que l&#8217;alcaldessa isca del despatx i resolga els problemes, perqu\u00e8 n&#8217;hi ha\u201d.<\/p>\n\n\n\n<p>I que ho fa\u00e7a, tal com ha manifestat Serra, \u201camb la mateixa voluntat amb la qual ha incrementat un 30 per cent els preus d&#8217;entrada i els cursos en l&#8217;\u00faltim any. Un augment al qual cal sumar el \u2018tasazo\u2019 esportiu que ja va imposar el passat mandat als usuaris de les instal\u00b7lacions\u201d. \u201cSi es cobra \u00e9s per a donar un servici \u00f2ptim. I aix\u00f2 \u00e9s el que no troben els ve\u00efns, que paguen per un recurs deficient\u201d.<\/p>\n","protected":false},"excerpt":{"rendered":"<p>&#8220;Usuaris de la piscina municipal coberta de la Vall d&#8217;Uix\u00f3 denuncien des del passat octubre problemes en el control del tractament del clor en tots dos gots de la infraestructura. Les queixes, lluny d&#8217;atendre&#8217;s, s&#8217;han incrementat. Ara s\u00f3n les fam\u00edlies de menors les que q\u00fcestionen la temperatura de l&#8217;aigua que consideren \u00e9s molt baixa per &#8230; <a title=\"El PP de la Vall trasllada a l&#8217;equip de govern les protestes dels usuaris de la piscina\" class=\"read-more\" href=\"https:\/\/elcafedepipa.com\/index.php\/2024\/12\/02\/el-pp-de-la-vall-trasllada-a-lequip-de-govern-les-protestes-dels-usuaris-de-la-piscina\/\" aria-label=\"M\u00e9s informaci\u00f3 sobre El PP de la Vall trasllada a l&#8217;equip de govern les protestes dels usuaris de la piscina\">Read more<\/a><\/p>\n","protected":false},"author":2,"featured_media":8752,"comment_status":"closed","ping_status":"closed","sticky":false,"template":"","format":"standard","meta":{"om_disable_all_campaigns":false,"_monsterinsights_skip_tracking":false,"_monsterinsights_sitenote_active":false,"_monsterinsights_sitenote_note":"","_monsterinsights_sitenote_category":0,"_uf_show_specific_survey":0,"_uf_disable_surveys":false,"footnotes":""},"categories":[1],"tags":[],"class_list":["post-8748","post","type-post","status-publish","format-standard","has-post-thumbnail","hentry","category-non-classe"],"_links":{"self":[{"href":"https:\/\/elcafedepipa.com\/index.php\/wp-json\/wp\/v2\/posts\/8748","targetHints":{"allow":["GET"]}}],"collection":[{"href":"https:\/\/elcafedepipa.com\/index.php\/wp-json\/wp\/v2\/posts"}],"about":[{"href":"https:\/\/elcafedepipa.com\/index.php\/wp-json\/wp\/v2\/types\/post"}],"author":[{"embeddable":true,"href":"https:\/\/elcafedepipa.com\/index.php\/wp-json\/wp\/v2\/users\/2"}],"replies":[{"embeddable":true,"href":"https:\/\/elcafedepipa.com\/index.php\/wp-json\/wp\/v2\/comments?post=8748"}],"version-history":[{"count":0,"href":"https:\/\/elcafedepipa.com\/index.php\/wp-json\/wp\/v2\/posts\/8748\/revisions"}],"wp:featuredmedia":[{"embeddable":true,"href":"https:\/\/elcafedepipa.com\/index.php\/wp-json\/wp\/v2\/media\/8752"}],"wp:attachment":[{"href":"https:\/\/elcafedepipa.com\/index.php\/wp-json\/wp\/v2\/media?parent=8748"}],"wp:term":[{"taxonomy":"category","embeddable":true,"href":"https:\/\/elcafedepipa.com\/index.php\/wp-json\/wp\/v2\/categories?post=8748"},{"taxonomy":"post_tag","embeddable":true,"href":"https:\/\/elcafedepipa.com\/index.php\/wp-json\/wp\/v2\/tags?post=8748"}],"curies":[{"name":"wp","href":"https:\/\/api.w.org\/{rel}","templated":true}]}}