{"id":8648,"date":"2024-11-30T15:00:45","date_gmt":"2024-11-30T14:00:45","guid":{"rendered":"https:\/\/elcafedepipa.com\/?p=8648"},"modified":"2024-11-30T15:00:46","modified_gmt":"2024-11-30T14:00:46","slug":"el-pspv-acusa-barrachina-damagar-se-i-callar-sobre-el-fons-de-cooperacio-i-exigeix-un-compromis-signat-per-linterventor-que-continuara","status":"publish","type":"post","link":"https:\/\/elcafedepipa.com\/index.php\/2024\/11\/30\/el-pspv-acusa-barrachina-damagar-se-i-callar-sobre-el-fons-de-cooperacio-i-exigeix-un-compromis-signat-per-linterventor-que-continuara\/","title":{"rendered":"El PSPV acusa Barrachina \u201cd\u2019amagar-se i callar\u201d sobre el Fons de Cooperaci\u00f3 i exigeix un comprom\u00eds signat per l&#8217;interventor que continuar\u00e0"},"content":{"rendered":"\n<p><strong><br><\/strong>El PSPV de la Diputaci\u00f3 de Castell\u00f3 acusa Marta Barrachina \u201cd\u2019amagar-se i callar\u201d davant les demandes d&#8217;alcaldes i alcaldesses de tots els colors pol\u00edtics que exigeixen que es mantinga el Fons de Cooperaci\u00f3 Municipal i que, segons el portaveu socialista, Samuel Falomir, \u201cestan desesperats per la falta d&#8217;una explicaci\u00f3 oficial i per les conseq\u00fc\u00e8ncies catastr\u00f2fiques que suposa aquesta retallada, que en el cas d&#8217;alguns municipis arriba al 60% del pressupost\u201c.<\/p>\n\n\n\n<p>\u201cFins ara, Barrachina i el seu equip nom\u00e9s han dit amb la boca xicoteta que \u2018part\u2019 del fons es finan\u00e7ar\u00e0 amb romanents a la primavera, per\u00f2 aquesta postura no la veiem gens clara\u201d, assenyala Falomir. \u201cSabem que la gesti\u00f3 econ\u00f2mica de la Diputaci\u00f3 no est\u00e0 sent d&#8217;all\u00f2 m\u00e9s encertada i podr\u00edem acabar abocats a un pla d&#8217;intervenci\u00f3 a trav\u00e9s d&#8217;un Pla Econ\u00f2mic Financer\u201d. A m\u00e9s a m\u00e9s, adverteix que les regles fiscals que va imposar el PP de Rajoy amb un acord tancat amb Europa \u201cno permetrien destinar eixos sobrants al Fons de Cooperaci\u00f3\u201d.<\/p>\n\n\n\n<p>El diputat socialista empla\u00e7a Barrachina a deixar per escrit i signat per l&#8217;interventor que t\u00e9 la certesa que tindr\u00e0 cobertura legal per a fer-ho i que garanteix que cada ajuntament rebr\u00e0 la mateixa quantitat o m\u00e9s que l&#8217;any passat\u201d. \u201cSi tan clar ho tenen, que ho deixen plasmat sobre paper, perqu\u00e8 les paraules se les emporta el vent\u201d. \u201cEls 135 municipis de Castell\u00f3 necessiten certeses i han de tancar ja els seus pressupostos municipals\u201d.<\/p>\n\n\n\n<p>Samuel Falomir acusa Marta Barrachina i la titular d&#8217;Hisenda, Mari \u00c1ngeles Pallar\u00e9s, d&#8217;haver posat als municipis \u201cal peu dels cavalls\u201d i critica que \u201cl&#8217;orgull pol\u00edtic els impedeix fer marxa enrere, encara que aix\u00f2 supose passar de les necessitats dels pobles de Castell\u00f3\u201d.<\/p>\n\n\n\n<p><strong>\u201cJa n&#8217;hi ha prou de mala educaci\u00f3\u201d<br><\/strong>El portaveu socialista i secretari general tamb\u00e9 diu \u201cprou a la mala educaci\u00f3\u201d de Barrachina que, per en\u00e8sima vegada, ha tornat a qualificar els socialistes \u201cd\u2019escombraries\u201d. \u201cDes que dirigeix l&#8217;agrupaci\u00f3 provincial del PP i la Diputaci\u00f3 la pol\u00edtica de l&#8217;insult del seu padr\u00ed pol\u00edtic, Carlos Fabra, ha tornat per la porta gran\u201d. \u201cLa seua actitud no nom\u00e9s \u00e9s una falta de respecte, sin\u00f3 que la retrata com una persona m\u00e9s preocupada per l&#8217;enfrontament que per resoldre els problemes dels municipis\u201d, conclou.<\/p>\n\n\n\n<p><\/p>\n","protected":false},"excerpt":{"rendered":"<p>El PSPV de la Diputaci\u00f3 de Castell\u00f3 acusa Marta Barrachina \u201cd\u2019amagar-se i callar\u201d davant les demandes d&#8217;alcaldes i alcaldesses de tots els colors pol\u00edtics que exigeixen que es mantinga el Fons de Cooperaci\u00f3 Municipal i que, segons el portaveu socialista, Samuel Falomir, \u201cestan desesperats per la falta d&#8217;una explicaci\u00f3 oficial i per les conseq\u00fc\u00e8ncies catastr\u00f2fiques &#8230; <a title=\"El PSPV acusa Barrachina \u201cd\u2019amagar-se i callar\u201d sobre el Fons de Cooperaci\u00f3 i exigeix un comprom\u00eds signat per l&#8217;interventor que continuar\u00e0\" class=\"read-more\" href=\"https:\/\/elcafedepipa.com\/index.php\/2024\/11\/30\/el-pspv-acusa-barrachina-damagar-se-i-callar-sobre-el-fons-de-cooperacio-i-exigeix-un-compromis-signat-per-linterventor-que-continuara\/\" aria-label=\"M\u00e9s informaci\u00f3 sobre El PSPV acusa Barrachina \u201cd\u2019amagar-se i callar\u201d sobre el Fons de Cooperaci\u00f3 i exigeix un comprom\u00eds signat per l&#8217;interventor que continuar\u00e0\">Read more<\/a><\/p>\n","protected":false},"author":2,"featured_media":8649,"comment_status":"closed","ping_status":"closed","sticky":false,"template":"","format":"standard","meta":{"om_disable_all_campaigns":false,"_monsterinsights_skip_tracking":false,"_monsterinsights_sitenote_active":false,"_monsterinsights_sitenote_note":"","_monsterinsights_sitenote_category":0,"_uf_show_specific_survey":0,"_uf_disable_surveys":false,"footnotes":""},"categories":[10],"tags":[],"class_list":["post-8648","post","type-post","status-publish","format-standard","has-post-thumbnail","hentry","category-provinciadecastello"],"_links":{"self":[{"href":"https:\/\/elcafedepipa.com\/index.php\/wp-json\/wp\/v2\/posts\/8648","targetHints":{"allow":["GET"]}}],"collection":[{"href":"https:\/\/elcafedepipa.com\/index.php\/wp-json\/wp\/v2\/posts"}],"about":[{"href":"https:\/\/elcafedepipa.com\/index.php\/wp-json\/wp\/v2\/types\/post"}],"author":[{"embeddable":true,"href":"https:\/\/elcafedepipa.com\/index.php\/wp-json\/wp\/v2\/users\/2"}],"replies":[{"embeddable":true,"href":"https:\/\/elcafedepipa.com\/index.php\/wp-json\/wp\/v2\/comments?post=8648"}],"version-history":[{"count":0,"href":"https:\/\/elcafedepipa.com\/index.php\/wp-json\/wp\/v2\/posts\/8648\/revisions"}],"wp:featuredmedia":[{"embeddable":true,"href":"https:\/\/elcafedepipa.com\/index.php\/wp-json\/wp\/v2\/media\/8649"}],"wp:attachment":[{"href":"https:\/\/elcafedepipa.com\/index.php\/wp-json\/wp\/v2\/media?parent=8648"}],"wp:term":[{"taxonomy":"category","embeddable":true,"href":"https:\/\/elcafedepipa.com\/index.php\/wp-json\/wp\/v2\/categories?post=8648"},{"taxonomy":"post_tag","embeddable":true,"href":"https:\/\/elcafedepipa.com\/index.php\/wp-json\/wp\/v2\/tags?post=8648"}],"curies":[{"name":"wp","href":"https:\/\/api.w.org\/{rel}","templated":true}]}}