{"id":8639,"date":"2024-11-30T12:02:18","date_gmt":"2024-11-30T11:02:18","guid":{"rendered":"https:\/\/elcafedepipa.com\/?p=8639"},"modified":"2024-11-30T12:02:20","modified_gmt":"2024-11-30T11:02:20","slug":"almenara-neteja-les-vores-de-46-quilometres-de-camins-rurals","status":"publish","type":"post","link":"https:\/\/elcafedepipa.com\/index.php\/2024\/11\/30\/almenara-neteja-les-vores-de-46-quilometres-de-camins-rurals\/","title":{"rendered":"Almenara neteja les vores de 46 quil\u00f2metres de camins rurals"},"content":{"rendered":"\n<p>L&#8217;Ajuntament d&#8217;Almenara ha iniciat les tasques de neteja dels marges de m\u00e9s de 46 km de camins rurals de tot el terme municipal, tant de la part alta, com de la part baixa i marjal, per on han comen\u00e7at les tasques amb la maquin\u00e0ria especialitzada. D&#8217;aquesta manera continuen les actuacions de neteja i millora de les vies rurals del municipi.<\/p>\n\n\n\n<p>El regidor d&#8217;Agricultura, Borja Forner, ha destacat que \u201camb aquesta actuaci\u00f3 continuem amb la neteja i desbrossament dels camins rurals d&#8217;Almenara amb la finalitat de mantindre els marges nets, evitant aix\u00ed incendis, plagues i altres problemes, i a m\u00e9s facilitar el pas de vehicles, especialment ara que comen\u00e7a la temporada citr\u00edcola\u201d. Forner ha ressaltat que \u201cno pararem ac\u00ed i continuarem fent aquestes tasques i millorant les diferents vies rurals de tot el terme municipal\u201d.<\/p>\n\n\n\n<p>Aquesta actuaci\u00f3 estava programada amb anterioritat a la&nbsp; DANA, per\u00f2 s&#8217;ha retardat en estar les m\u00e0quines de l&#8217;empresa que l&#8217;est\u00e0 duent a terme col\u00b7laborant en les localitats afectades.<\/p>\n","protected":false},"excerpt":{"rendered":"<p>L&#8217;Ajuntament d&#8217;Almenara ha iniciat les tasques de neteja dels marges de m\u00e9s de 46 km de camins rurals de tot el terme municipal, tant de la part alta, com de la part baixa i marjal, per on han comen\u00e7at les tasques amb la maquin\u00e0ria especialitzada. D&#8217;aquesta manera continuen les actuacions de neteja i millora de &#8230; <a title=\"Almenara neteja les vores de 46 quil\u00f2metres de camins rurals\" class=\"read-more\" href=\"https:\/\/elcafedepipa.com\/index.php\/2024\/11\/30\/almenara-neteja-les-vores-de-46-quilometres-de-camins-rurals\/\" aria-label=\"M\u00e9s informaci\u00f3 sobre Almenara neteja les vores de 46 quil\u00f2metres de camins rurals\">Read more<\/a><\/p>\n","protected":false},"author":2,"featured_media":8640,"comment_status":"closed","ping_status":"closed","sticky":false,"template":"","format":"standard","meta":{"om_disable_all_campaigns":false,"_monsterinsights_skip_tracking":false,"_monsterinsights_sitenote_active":false,"_monsterinsights_sitenote_note":"","_monsterinsights_sitenote_category":0,"_uf_show_specific_survey":0,"_uf_disable_surveys":false,"footnotes":""},"categories":[5],"tags":[],"class_list":["post-8639","post","type-post","status-publish","format-standard","has-post-thumbnail","hentry","category-almenara"],"_links":{"self":[{"href":"https:\/\/elcafedepipa.com\/index.php\/wp-json\/wp\/v2\/posts\/8639","targetHints":{"allow":["GET"]}}],"collection":[{"href":"https:\/\/elcafedepipa.com\/index.php\/wp-json\/wp\/v2\/posts"}],"about":[{"href":"https:\/\/elcafedepipa.com\/index.php\/wp-json\/wp\/v2\/types\/post"}],"author":[{"embeddable":true,"href":"https:\/\/elcafedepipa.com\/index.php\/wp-json\/wp\/v2\/users\/2"}],"replies":[{"embeddable":true,"href":"https:\/\/elcafedepipa.com\/index.php\/wp-json\/wp\/v2\/comments?post=8639"}],"version-history":[{"count":0,"href":"https:\/\/elcafedepipa.com\/index.php\/wp-json\/wp\/v2\/posts\/8639\/revisions"}],"wp:featuredmedia":[{"embeddable":true,"href":"https:\/\/elcafedepipa.com\/index.php\/wp-json\/wp\/v2\/media\/8640"}],"wp:attachment":[{"href":"https:\/\/elcafedepipa.com\/index.php\/wp-json\/wp\/v2\/media?parent=8639"}],"wp:term":[{"taxonomy":"category","embeddable":true,"href":"https:\/\/elcafedepipa.com\/index.php\/wp-json\/wp\/v2\/categories?post=8639"},{"taxonomy":"post_tag","embeddable":true,"href":"https:\/\/elcafedepipa.com\/index.php\/wp-json\/wp\/v2\/tags?post=8639"}],"curies":[{"name":"wp","href":"https:\/\/api.w.org\/{rel}","templated":true}]}}