{"id":8539,"date":"2024-11-27T15:07:48","date_gmt":"2024-11-27T14:07:48","guid":{"rendered":"https:\/\/elcafedepipa.com\/?p=8539"},"modified":"2024-11-27T15:07:49","modified_gmt":"2024-11-27T14:07:49","slug":"nules-dona-visibilitat-a-la-diversitat-funcional-amb-una-marxa","status":"publish","type":"post","link":"https:\/\/elcafedepipa.com\/index.php\/2024\/11\/27\/nules-dona-visibilitat-a-la-diversitat-funcional-amb-una-marxa\/","title":{"rendered":"Nules dona visibilitat a la diversitat funcional amb una marxa"},"content":{"rendered":"\n<p><strong>Diumenge tindr\u00e0 lloc aquest acte solidari a benefici de l\u2019Associaci\u00f3 Sentim<\/strong><\/p>\n\n\n\n<p>Es tracta d\u2019un esdeveniment l\u00fadic esportiu que organitza l\u2019Associaci\u00f3 Sentim en col\u00b7laboraci\u00f3 amb les regidories d\u2019Esports i de Pol\u00edtiques Inclusives de l\u2019Ajuntament de Nules. De manera que, la marxa comen\u00e7ar\u00e0 a les 12 hores amb eixida des de la pla\u00e7a Major i recorrer\u00e0 els principals carrers fins a arribar a les pistes esportives, on hi haur\u00e0 activitats infantils amb taules sensorials, i castells inflables. De fet, per a participar en aquesta marxa solid\u00e0ria es pot ja adquirir les samarretes que tenen un preu de 8 euros.&nbsp;&nbsp; <strong>&nbsp;&nbsp;<\/strong><\/p>\n\n\n\n<p>El regidor d\u2019Esports, Gabriel Torres, la presidenta de l\u2019Associaci\u00f3 Semtim, Silvia Ram\u00edrez, i la vicepresidenta, Elena Navarro, han estat les persones encarregades de presentar aquesta marxa. Aix\u00ed doncs, des de l\u2019associaci\u00f3 es destaca el treball que porta a terme per a aconseguir \u201cla inclusi\u00f3 educativa i social dels xiquets i xiquetes, per aquest motiu treballem diferents projectes tant en els centres educatius com al municipi com per exemple aquesta marxa\u201d, remarca la presidenta, Silvia Ram\u00edrez.<\/p>\n\n\n\n<p>Per la seua banda, el regidor d\u2019Esports, Gabriel Torres, assenyala que \u201caquest acte mostra el comprom\u00eds de l\u2019Ajuntament de Nules en atendre totes les sensibilitats i en escoltar a totes les associacions locals\u201d.<\/p>\n\n\n\n<p>Aix\u00ed mateix, amb aquesta marxa es vol tamb\u00e9 aprofitar l\u2019acte per a ajudar a les persones damnificades per la Dana, en aquest sentit les activitats infantils programades estaran al c\u00e0rrec d\u2019una empresa d\u2019oci infantil i juvenil de Benetusser afectada.<\/p>\n\n\n\n<p>Des de la regidoria d\u2019Esports es van a portar a terme altres actuacions per a seguir recaptant fons per a l\u2019Associaci\u00f3 Sentim, aix\u00ed la tradicional cursa de Sant Silvestre, que se celebrar\u00e0 el pr\u00f2xim 26 de desembre, s\u2019anomenar\u00e0 \u201cCursa Sentim la Sant Silvestre\u201d, i s\u2019ha establit el preu de 2 euros per persona participant que es donaran a l\u2019associaci\u00f3, de la mateixa manera que es far\u00e0 tamb\u00e9 en la Volta a Peu Sant Roc que t\u00e9 lloc al mes d\u2019agost. Tamb\u00e9 la regidoria d\u2019Inf\u00e0ncia destinar\u00e0 la recaptaci\u00f3 de les polseres de la Fira Nadalenca a aquesta associaci\u00f3.<\/p>\n\n\n\n<p>Altra acci\u00f3 que ja est\u00e0 en marxa a la Piscina Municipal de Nules \u00e9s el curs de nataci\u00f3 adaptat; i la idea \u00e9s tamb\u00e9 adaptar el parc infantil del jard\u00ed bot\u00e0nic.<\/p>\n","protected":false},"excerpt":{"rendered":"<p>Diumenge tindr\u00e0 lloc aquest acte solidari a benefici de l\u2019Associaci\u00f3 Sentim Es tracta d\u2019un esdeveniment l\u00fadic esportiu que organitza l\u2019Associaci\u00f3 Sentim en col\u00b7laboraci\u00f3 amb les regidories d\u2019Esports i de Pol\u00edtiques Inclusives de l\u2019Ajuntament de Nules. De manera que, la marxa comen\u00e7ar\u00e0 a les 12 hores amb eixida des de la pla\u00e7a Major i recorrer\u00e0 els &#8230; <a title=\"Nules dona visibilitat a la diversitat funcional amb una marxa\" class=\"read-more\" href=\"https:\/\/elcafedepipa.com\/index.php\/2024\/11\/27\/nules-dona-visibilitat-a-la-diversitat-funcional-amb-una-marxa\/\" aria-label=\"M\u00e9s informaci\u00f3 sobre Nules dona visibilitat a la diversitat funcional amb una marxa\">Read more<\/a><\/p>\n","protected":false},"author":2,"featured_media":8540,"comment_status":"closed","ping_status":"closed","sticky":false,"template":"","format":"standard","meta":{"om_disable_all_campaigns":false,"_monsterinsights_skip_tracking":false,"_monsterinsights_sitenote_active":false,"_monsterinsights_sitenote_note":"","_monsterinsights_sitenote_category":0,"_uf_show_specific_survey":0,"_uf_disable_surveys":false,"footnotes":""},"categories":[3],"tags":[],"class_list":["post-8539","post","type-post","status-publish","format-standard","has-post-thumbnail","hentry","category-nules"],"_links":{"self":[{"href":"https:\/\/elcafedepipa.com\/index.php\/wp-json\/wp\/v2\/posts\/8539","targetHints":{"allow":["GET"]}}],"collection":[{"href":"https:\/\/elcafedepipa.com\/index.php\/wp-json\/wp\/v2\/posts"}],"about":[{"href":"https:\/\/elcafedepipa.com\/index.php\/wp-json\/wp\/v2\/types\/post"}],"author":[{"embeddable":true,"href":"https:\/\/elcafedepipa.com\/index.php\/wp-json\/wp\/v2\/users\/2"}],"replies":[{"embeddable":true,"href":"https:\/\/elcafedepipa.com\/index.php\/wp-json\/wp\/v2\/comments?post=8539"}],"version-history":[{"count":0,"href":"https:\/\/elcafedepipa.com\/index.php\/wp-json\/wp\/v2\/posts\/8539\/revisions"}],"wp:featuredmedia":[{"embeddable":true,"href":"https:\/\/elcafedepipa.com\/index.php\/wp-json\/wp\/v2\/media\/8540"}],"wp:attachment":[{"href":"https:\/\/elcafedepipa.com\/index.php\/wp-json\/wp\/v2\/media?parent=8539"}],"wp:term":[{"taxonomy":"category","embeddable":true,"href":"https:\/\/elcafedepipa.com\/index.php\/wp-json\/wp\/v2\/categories?post=8539"},{"taxonomy":"post_tag","embeddable":true,"href":"https:\/\/elcafedepipa.com\/index.php\/wp-json\/wp\/v2\/tags?post=8539"}],"curies":[{"name":"wp","href":"https:\/\/api.w.org\/{rel}","templated":true}]}}