{"id":8498,"date":"2024-11-26T15:16:20","date_gmt":"2024-11-26T14:16:20","guid":{"rendered":"https:\/\/elcafedepipa.com\/?p=8498"},"modified":"2024-11-26T15:16:36","modified_gmt":"2024-11-26T14:16:36","slug":"llum-verda-a-la-inversio-historia-en-el-jaciment-del-benicato-de-nules-sinvertiran-quasi-tres-milions-deuros-en-el-projecte","status":"publish","type":"post","link":"https:\/\/elcafedepipa.com\/index.php\/2024\/11\/26\/llum-verda-a-la-inversio-historia-en-el-jaciment-del-benicato-de-nules-sinvertiran-quasi-tres-milions-deuros-en-el-projecte\/","title":{"rendered":"Llum verda a la inversi\u00f3 hist\u00f2rica en el jaciment del Benicat\u00f3 de Nules. S&#8217;invertiran quasi tres milions d&#8217;euros en el projecte"},"content":{"rendered":"\n<p>S&#8217;ha conegut la resoluci\u00f3 definitiva per part del Ministeri d&#8217;Ind\u00fastria i Turisme, sobre la concessi\u00f3 d&#8217;ajudes per al Programa de Millora de la Competitivitat i de Dinamitzaci\u00f3 del Patrimoni Hist\u00f2ric amb \u00das Tur\u00edstic, i entre el llistat dels municipis espanyols que rebran aquesta ajuda, emmarcada dins del Pla de Recuperaci\u00f3, Transformaci\u00f3 i Resili\u00e8ncia, i finan\u00e7at per la Uni\u00f3 Europea a trav\u00e9s dels fons Next Generation, es troba Nules.<\/p>\n\n\n\n<p>I \u00e9s que el municipi rebr\u00e0 la totalitat de la quantitat sol\u00b7licitada, \u00e9s a dir, 2.965.710 euros, per al projecte de la Vila Romana i Centre d&#8217;Interpretaci\u00f3 del Benicat\u00f3. Un projecte que compta amb la previsi\u00f3 de realitzar totes les accions necess\u00e0ries per a consolidar definitivament el jaciment rom\u00e0 i amb una funcionalitat plenament tur\u00edstica. El projecte es regix amb el comprom\u00eds de sostenibilitat, at\u00e9s que contempla energia sostenible per a les instal\u00b7lacions i contaminaci\u00f3 zero, actuacions d&#8217;aclimataci\u00f3 i adaptaci\u00f3 amb la r\u00e8plica del paleopaisatge de la vila romana, l&#8217;excavaci\u00f3 arqueol\u00f2gica i consolidaci\u00f3 de vestigis de tot el jaciment, i la creaci\u00f3 d&#8217;un Centre d&#8217;Interpretaci\u00f3 que afavorir\u00e0 l&#8217;accessibilitat i est\u00e0 pensat com a element inclusiu, amb passarel\u00b7les i panells did\u00e0ctics adaptats, i que comptar\u00e0 tamb\u00e9 amb la tecnologia muse\u00edstica m\u00e9s avan\u00e7ada.<\/p>\n\n\n\n<p>L&#8217;edil de Patrimoni, Guillermo Latorre, afirma que \u201cla finalitat \u00e9s augmentar la potencialitat tur\u00edstica i consolidar un recurs tur\u00edstic de refer\u00e8ncia auton\u00f2mica; aquest projecte, el m\u00e9s ambici\u00f3s en la hist\u00f2ria del municipi a nivell patrimonial i tur\u00edstic, refor\u00e7ar\u00e0 la marca i senyes d&#8217;identitat de Nules\u201d.<\/p>\n\n\n\n<p>Despr\u00e9s de la publicaci\u00f3 de la resoluci\u00f3 definitiva i la posterior acceptaci\u00f3 de la subvenci\u00f3 per part del consistori municipal, des de l&#8217;Ajuntament de Nules informen que el seg\u00fcent pas \u00e9s la redacci\u00f3, sobre la base del projecte, de la licitaci\u00f3 per a donar principi a les obres de la consolidaci\u00f3 del jaciment del Benicat\u00f3.<\/p>\n\n\n\n<p><\/p>\n","protected":false},"excerpt":{"rendered":"<p>S&#8217;ha conegut la resoluci\u00f3 definitiva per part del Ministeri d&#8217;Ind\u00fastria i Turisme, sobre la concessi\u00f3 d&#8217;ajudes per al Programa de Millora de la Competitivitat i de Dinamitzaci\u00f3 del Patrimoni Hist\u00f2ric amb \u00das Tur\u00edstic, i entre el llistat dels municipis espanyols que rebran aquesta ajuda, emmarcada dins del Pla de Recuperaci\u00f3, Transformaci\u00f3 i Resili\u00e8ncia, i finan\u00e7at &#8230; <a title=\"Llum verda a la inversi\u00f3 hist\u00f2rica en el jaciment del Benicat\u00f3 de Nules. S&#8217;invertiran quasi tres milions d&#8217;euros en el projecte\" class=\"read-more\" href=\"https:\/\/elcafedepipa.com\/index.php\/2024\/11\/26\/llum-verda-a-la-inversio-historia-en-el-jaciment-del-benicato-de-nules-sinvertiran-quasi-tres-milions-deuros-en-el-projecte\/\" aria-label=\"M\u00e9s informaci\u00f3 sobre Llum verda a la inversi\u00f3 hist\u00f2rica en el jaciment del Benicat\u00f3 de Nules. S&#8217;invertiran quasi tres milions d&#8217;euros en el projecte\">Read more<\/a><\/p>\n","protected":false},"author":2,"featured_media":8499,"comment_status":"closed","ping_status":"closed","sticky":false,"template":"","format":"standard","meta":{"om_disable_all_campaigns":false,"_monsterinsights_skip_tracking":false,"_monsterinsights_sitenote_active":false,"_monsterinsights_sitenote_note":"","_monsterinsights_sitenote_category":0,"_uf_show_specific_survey":0,"_uf_disable_surveys":false,"footnotes":""},"categories":[3],"tags":[],"class_list":["post-8498","post","type-post","status-publish","format-standard","has-post-thumbnail","hentry","category-nules"],"_links":{"self":[{"href":"https:\/\/elcafedepipa.com\/index.php\/wp-json\/wp\/v2\/posts\/8498","targetHints":{"allow":["GET"]}}],"collection":[{"href":"https:\/\/elcafedepipa.com\/index.php\/wp-json\/wp\/v2\/posts"}],"about":[{"href":"https:\/\/elcafedepipa.com\/index.php\/wp-json\/wp\/v2\/types\/post"}],"author":[{"embeddable":true,"href":"https:\/\/elcafedepipa.com\/index.php\/wp-json\/wp\/v2\/users\/2"}],"replies":[{"embeddable":true,"href":"https:\/\/elcafedepipa.com\/index.php\/wp-json\/wp\/v2\/comments?post=8498"}],"version-history":[{"count":0,"href":"https:\/\/elcafedepipa.com\/index.php\/wp-json\/wp\/v2\/posts\/8498\/revisions"}],"wp:featuredmedia":[{"embeddable":true,"href":"https:\/\/elcafedepipa.com\/index.php\/wp-json\/wp\/v2\/media\/8499"}],"wp:attachment":[{"href":"https:\/\/elcafedepipa.com\/index.php\/wp-json\/wp\/v2\/media?parent=8498"}],"wp:term":[{"taxonomy":"category","embeddable":true,"href":"https:\/\/elcafedepipa.com\/index.php\/wp-json\/wp\/v2\/categories?post=8498"},{"taxonomy":"post_tag","embeddable":true,"href":"https:\/\/elcafedepipa.com\/index.php\/wp-json\/wp\/v2\/tags?post=8498"}],"curies":[{"name":"wp","href":"https:\/\/api.w.org\/{rel}","templated":true}]}}