{"id":8489,"date":"2024-11-26T15:05:55","date_gmt":"2024-11-26T14:05:55","guid":{"rendered":"https:\/\/elcafedepipa.com\/?p=8489"},"modified":"2024-11-26T15:05:56","modified_gmt":"2024-11-26T14:05:56","slug":"lajuntament-de-la-vall-duixo-demana-un-claustre-de-professors-a-lies-botanic-cavanilles-per-a-presentar-el-projecte-del-nou-centre-educatiu","status":"publish","type":"post","link":"https:\/\/elcafedepipa.com\/index.php\/2024\/11\/26\/lajuntament-de-la-vall-duixo-demana-un-claustre-de-professors-a-lies-botanic-cavanilles-per-a-presentar-el-projecte-del-nou-centre-educatiu\/","title":{"rendered":"L\u2019Ajuntament de la Vall d\u2019Uix\u00f3 demana un claustre de professors a l\u2019IES Bot\u00e0nic Cavanilles per a presentar el projecte del nou centre educatiu"},"content":{"rendered":"\n<p>L\u2019Ajuntament de la Vall d\u2019Uix\u00f3 ha sol\u00b7licitat formalment la convocat\u00f2ria d\u2019un claustre de professors\/es de l\u2019IES Bot\u00e0nic Cavanilles per a presentar, exposar i explicar detalladament el projecte del nou centre educatiu. Aquesta petici\u00f3 ha sigut remesa per escrit a trav\u00e9s de l\u2019alcaldessa, Tania Ba\u00f1os, aquest mateix mat\u00ed.<\/p>\n\n\n\n<p>Segons ha explicat l\u2019alcaldessa \u00e9s \u201cessencial que el professorat siga el primer col\u00b7lectiu a con\u00e9ixer els detalls d\u2019aquesta iniciativa, per defer\u00e8ncia i perqu\u00e8 s\u00f3n pe\u00e7a clau en el funcionament actual i futur del centre educatiu&#8221;. A m\u00e9s, l\u2019Ajuntament t\u00e9 previst convocar una reuni\u00f3 oberta a tota la comunitat educativa amb l\u2019objectiu de compartir la proposta i garantir que el projecte responga a les necessitats de totes les parts implicades.<\/p>\n\n\n\n<p>Amb aquesta iniciativa, l\u2019Ajuntament vol reafirmar el seu comprom\u00eds amb l\u2019educaci\u00f3 p\u00fablica, el di\u00e0leg i la transpar\u00e8ncia, treballant conjuntament amb els centres educatius per construir un futur millor per a l\u2019alumnat i el professorat.<\/p>\n\n\n\n<p><\/p>\n","protected":false},"excerpt":{"rendered":"<p>L\u2019Ajuntament de la Vall d\u2019Uix\u00f3 ha sol\u00b7licitat formalment la convocat\u00f2ria d\u2019un claustre de professors\/es de l\u2019IES Bot\u00e0nic Cavanilles per a presentar, exposar i explicar detalladament el projecte del nou centre educatiu. Aquesta petici\u00f3 ha sigut remesa per escrit a trav\u00e9s de l\u2019alcaldessa, Tania Ba\u00f1os, aquest mateix mat\u00ed. Segons ha explicat l\u2019alcaldessa \u00e9s \u201cessencial que el &#8230; <a title=\"L\u2019Ajuntament de la Vall d\u2019Uix\u00f3 demana un claustre de professors a l\u2019IES Bot\u00e0nic Cavanilles per a presentar el projecte del nou centre educatiu\" class=\"read-more\" href=\"https:\/\/elcafedepipa.com\/index.php\/2024\/11\/26\/lajuntament-de-la-vall-duixo-demana-un-claustre-de-professors-a-lies-botanic-cavanilles-per-a-presentar-el-projecte-del-nou-centre-educatiu\/\" aria-label=\"M\u00e9s informaci\u00f3 sobre L\u2019Ajuntament de la Vall d\u2019Uix\u00f3 demana un claustre de professors a l\u2019IES Bot\u00e0nic Cavanilles per a presentar el projecte del nou centre educatiu\">Read more<\/a><\/p>\n","protected":false},"author":2,"featured_media":8490,"comment_status":"closed","ping_status":"closed","sticky":false,"template":"","format":"standard","meta":{"om_disable_all_campaigns":false,"_monsterinsights_skip_tracking":false,"_monsterinsights_sitenote_active":false,"_monsterinsights_sitenote_note":"","_monsterinsights_sitenote_category":0,"_uf_show_specific_survey":0,"_uf_disable_surveys":false,"footnotes":""},"categories":[1],"tags":[],"class_list":["post-8489","post","type-post","status-publish","format-standard","has-post-thumbnail","hentry","category-non-classe"],"_links":{"self":[{"href":"https:\/\/elcafedepipa.com\/index.php\/wp-json\/wp\/v2\/posts\/8489","targetHints":{"allow":["GET"]}}],"collection":[{"href":"https:\/\/elcafedepipa.com\/index.php\/wp-json\/wp\/v2\/posts"}],"about":[{"href":"https:\/\/elcafedepipa.com\/index.php\/wp-json\/wp\/v2\/types\/post"}],"author":[{"embeddable":true,"href":"https:\/\/elcafedepipa.com\/index.php\/wp-json\/wp\/v2\/users\/2"}],"replies":[{"embeddable":true,"href":"https:\/\/elcafedepipa.com\/index.php\/wp-json\/wp\/v2\/comments?post=8489"}],"version-history":[{"count":0,"href":"https:\/\/elcafedepipa.com\/index.php\/wp-json\/wp\/v2\/posts\/8489\/revisions"}],"wp:featuredmedia":[{"embeddable":true,"href":"https:\/\/elcafedepipa.com\/index.php\/wp-json\/wp\/v2\/media\/8490"}],"wp:attachment":[{"href":"https:\/\/elcafedepipa.com\/index.php\/wp-json\/wp\/v2\/media?parent=8489"}],"wp:term":[{"taxonomy":"category","embeddable":true,"href":"https:\/\/elcafedepipa.com\/index.php\/wp-json\/wp\/v2\/categories?post=8489"},{"taxonomy":"post_tag","embeddable":true,"href":"https:\/\/elcafedepipa.com\/index.php\/wp-json\/wp\/v2\/tags?post=8489"}],"curies":[{"name":"wp","href":"https:\/\/api.w.org\/{rel}","templated":true}]}}