{"id":8441,"date":"2024-11-25T12:01:54","date_gmt":"2024-11-25T11:01:54","guid":{"rendered":"https:\/\/elcafedepipa.com\/?p=8441"},"modified":"2024-11-25T12:01:55","modified_gmt":"2024-11-25T11:01:55","slug":"el-pspv-carrega-contra-mazon-per-mantindre-als-docents-dfp-de-castello-amb-pitjors-condicions-laborals-que-a-valencia-i-alacant","status":"publish","type":"post","link":"https:\/\/elcafedepipa.com\/index.php\/2024\/11\/25\/el-pspv-carrega-contra-mazon-per-mantindre-als-docents-dfp-de-castello-amb-pitjors-condicions-laborals-que-a-valencia-i-alacant\/","title":{"rendered":"El PSPV carrega contra Maz\u00f3n per mantindre als docents d&#8217;FP de Castell\u00f3 amb pitjors condicions laborals que a Val\u00e8ncia i Alacant"},"content":{"rendered":"\n<p><strong><br><\/strong>El PSPV-PSOE de Castell\u00f3 ha arrem\u00e9s contra Maz\u00f3n i la Conselleria d&#8217;Educaci\u00f3 per discriminar el professorat de Formaci\u00f3 Professional de la prov\u00edncia \u201cen negar-los les mateixes condicions i drets laborals que els seus companys d&#8217;altres prov\u00edncies\u201d. El portaveu d&#8217;Educaci\u00f3 en Les Corts, Jos\u00e9 Luis Lorenz, ha denunciat que la Generalitat va haver de fer marxa enrere en la seua intenci\u00f3 d\u2019incorporar professors amb \u201ccontractes porqueria\u201d pel malestar de la comunitat educativa i va acceptar millorar les condicions de treball de les noves plantilles a data de l&#8217;1 d&#8217;octubre\u201d. \u201cDe moment sabem que a tots els docents d&#8217;Alacant i Val\u00e8ncia se&#8217;ls ha actualitzat el salari i ampliat les hores de manera retroactiva, per\u00f2 no aix\u00ed als de Castell\u00f3\u201d, ha explicat. \u201cAix\u00f2 suposa un greuge comparatiu i una mostra de l&#8217;abandonament continu del PP cap a la nostra prov\u00edncia\u201d.<\/p>\n\n\n\n<p>El portaveu socialista ha assenyalat que \u201cMaz\u00f3n ens t\u00e9 acostumats a la deixadesa, per\u00f2 mai se\u2019ns va passar pel cap que seria capa\u00e7 d&#8217;anar tan lluny d&#8217;una forma tan descarada\u201d. En aquest punt, Lorenz ha exigit que, \u201ccom m\u00e9s prompte millor, es regularitzen les condicions laborals del professorat i que se&#8217;ls aplique el mateix tracte que als seus companys d&#8217;altres prov\u00edncies\u201d. \u201cNo permetrem cap discriminaci\u00f3 cap a les nostres comarques\u201d.<\/p>\n\n\n\n<p>El diputat per Castell\u00f3 ha posat de manifest el que considera que \u00e9s \u201cun desinter\u00e9s cr\u00f2nic\u201d del PP per l&#8217;educaci\u00f3 p\u00fablica \u201cen la seua obsessi\u00f3 de beneficiar a la privada\u201d. \u201cEn aquest any i mig, amb Maz\u00f3n i el seu Consell hem vist retallades sense comparaci\u00f3 en el nombre de docents, en les EOI i en infraestructures, tres exemples irrefutables de que a les dretes l&#8217;educaci\u00f3 no els importa gens ni mica. I aquesta situaci\u00f3 amb els professors d&#8217;FP \u00e9s nom\u00e9s la punta de l&#8217;iceberg\u201d, ha advertit.<\/p>\n\n\n\n<p><\/p>\n","protected":false},"excerpt":{"rendered":"<p>El PSPV-PSOE de Castell\u00f3 ha arrem\u00e9s contra Maz\u00f3n i la Conselleria d&#8217;Educaci\u00f3 per discriminar el professorat de Formaci\u00f3 Professional de la prov\u00edncia \u201cen negar-los les mateixes condicions i drets laborals que els seus companys d&#8217;altres prov\u00edncies\u201d. El portaveu d&#8217;Educaci\u00f3 en Les Corts, Jos\u00e9 Luis Lorenz, ha denunciat que la Generalitat va haver de fer marxa &#8230; <a title=\"El PSPV carrega contra Maz\u00f3n per mantindre als docents d&#8217;FP de Castell\u00f3 amb pitjors condicions laborals que a Val\u00e8ncia i Alacant\" class=\"read-more\" href=\"https:\/\/elcafedepipa.com\/index.php\/2024\/11\/25\/el-pspv-carrega-contra-mazon-per-mantindre-als-docents-dfp-de-castello-amb-pitjors-condicions-laborals-que-a-valencia-i-alacant\/\" aria-label=\"M\u00e9s informaci\u00f3 sobre El PSPV carrega contra Maz\u00f3n per mantindre als docents d&#8217;FP de Castell\u00f3 amb pitjors condicions laborals que a Val\u00e8ncia i Alacant\">Read more<\/a><\/p>\n","protected":false},"author":2,"featured_media":8442,"comment_status":"closed","ping_status":"closed","sticky":false,"template":"","format":"standard","meta":{"om_disable_all_campaigns":false,"_monsterinsights_skip_tracking":false,"_monsterinsights_sitenote_active":false,"_monsterinsights_sitenote_note":"","_monsterinsights_sitenote_category":0,"_uf_show_specific_survey":0,"_uf_disable_surveys":false,"footnotes":""},"categories":[10],"tags":[],"class_list":["post-8441","post","type-post","status-publish","format-standard","has-post-thumbnail","hentry","category-provinciadecastello"],"_links":{"self":[{"href":"https:\/\/elcafedepipa.com\/index.php\/wp-json\/wp\/v2\/posts\/8441","targetHints":{"allow":["GET"]}}],"collection":[{"href":"https:\/\/elcafedepipa.com\/index.php\/wp-json\/wp\/v2\/posts"}],"about":[{"href":"https:\/\/elcafedepipa.com\/index.php\/wp-json\/wp\/v2\/types\/post"}],"author":[{"embeddable":true,"href":"https:\/\/elcafedepipa.com\/index.php\/wp-json\/wp\/v2\/users\/2"}],"replies":[{"embeddable":true,"href":"https:\/\/elcafedepipa.com\/index.php\/wp-json\/wp\/v2\/comments?post=8441"}],"version-history":[{"count":0,"href":"https:\/\/elcafedepipa.com\/index.php\/wp-json\/wp\/v2\/posts\/8441\/revisions"}],"wp:featuredmedia":[{"embeddable":true,"href":"https:\/\/elcafedepipa.com\/index.php\/wp-json\/wp\/v2\/media\/8442"}],"wp:attachment":[{"href":"https:\/\/elcafedepipa.com\/index.php\/wp-json\/wp\/v2\/media?parent=8441"}],"wp:term":[{"taxonomy":"category","embeddable":true,"href":"https:\/\/elcafedepipa.com\/index.php\/wp-json\/wp\/v2\/categories?post=8441"},{"taxonomy":"post_tag","embeddable":true,"href":"https:\/\/elcafedepipa.com\/index.php\/wp-json\/wp\/v2\/tags?post=8441"}],"curies":[{"name":"wp","href":"https:\/\/api.w.org\/{rel}","templated":true}]}}