{"id":8431,"date":"2024-11-25T11:47:25","date_gmt":"2024-11-25T10:47:25","guid":{"rendered":"https:\/\/elcafedepipa.com\/?p=8431"},"modified":"2024-11-25T11:47:26","modified_gmt":"2024-11-25T10:47:26","slug":"compromis-demana-ladequacio-i-proteccio-del-rius-i-rambles-de-la-vall-duixo","status":"publish","type":"post","link":"https:\/\/elcafedepipa.com\/index.php\/2024\/11\/25\/compromis-demana-ladequacio-i-proteccio-del-rius-i-rambles-de-la-vall-duixo\/","title":{"rendered":"Comprom\u00eds demana l&#8217;adequaci\u00f3 i protecci\u00f3 del rius i rambles de la Vall d\u2019Uix\u00f3"},"content":{"rendered":"\n<p><strong>El grup parlamentari a les Corts Valencianes ja va instar al 2018 a la Confederaci\u00f3 Hidrogr\u00e1fica per fer front a les esp\u00e8cies invasores<\/strong><\/p>\n\n\n\n<p>A la Vall d&#8217;Uix\u00f3, els rius secs i rambles tenen un paper fonamental en l\u2019ecosistema, ja que actuen drenant de manera superficial les aig\u00fces que no poden ser filtrades als aq\u00fc\u00edfers, acumulacions d\u2019aigua baix terra que a aquest poble suposen el subministrament del 100% dels recursos que ixen per les aixetes.<\/p>\n\n\n\n<p>Recentment, la Ribera Alta i l\u2019Horta Sud han estat colpejades per la riuada m\u00e9s gran que es recorda des del 1923 i el 1957. \u201cUns fets que han ficat damunt la taula la necessitat d\u2019actuar en mat\u00e8ria d\u2019adequaci\u00f3 de barrancs i protecci\u00f3 dels rius fluvials\u201d, ha reclamat el primer tinent d\u2019Alcaldia, Fernando Dar\u00f2s. Amb aquesta moci\u00f3, que es presentar\u00e0 al pr\u00f2xim ple \u201cvolem que la Confederaci\u00f3 Hidrogr\u00e0fica del X\u00faquer, de la que depenem, passe a l&#8217;acci\u00f3 i netege els llits fluvials, protegint les esp\u00e8cies aut\u00f2ctones\u201d.<\/p>\n\n\n\n<p>A la Vall comptem amb m\u00e9s de 8 kil\u00f2metres de rius secs, \u201cun fet que fa inviable que l\u2019Ajuntament assumisca toda la despesa del manteniment i neteja dels llits, en cas que la CHX ens autoritzara\u201d \u00e9s per aix\u00f2 \u201cque demanem la col\u00b7laboraci\u00f3 de la Generalitat Valenciana per a cofinan\u00e7ar les actuacions necess\u00e0ries\u201d, ha recalcat Dar\u00f2s.<\/p>\n\n\n\n<p>La realitat, despr\u00e9s de la riuada que ha assolat les comarques de la zona sud de Val\u00e8ncia, \u201cens demostra m\u00e9s que mai que cal sumar tots els esfor\u00e7os possibles en la preservaci\u00f3 del nostre medi i actuar de valent amb pol\u00edtiques que previnguen el canvi clim\u00e0tic, un fet de present que no podem negar\u201d, ha concl\u00f2s Dar\u00f3s.<\/p>\n\n\n\n<figure class=\"wp-block-image size-large\"><img fetchpriority=\"high\" decoding=\"async\" width=\"1024\" height=\"576\" src=\"https:\/\/elcafedepipa.com\/wp-content\/uploads\/2024\/11\/daros-1-1024x576.jpg\" alt=\"\" class=\"wp-image-8433\" srcset=\"https:\/\/elcafedepipa.com\/wp-content\/uploads\/2024\/11\/daros-1-1024x576.jpg 1024w, https:\/\/elcafedepipa.com\/wp-content\/uploads\/2024\/11\/daros-1-300x169.jpg 300w, https:\/\/elcafedepipa.com\/wp-content\/uploads\/2024\/11\/daros-1-768x432.jpg 768w, https:\/\/elcafedepipa.com\/wp-content\/uploads\/2024\/11\/daros-1-1536x864.jpg 1536w, https:\/\/elcafedepipa.com\/wp-content\/uploads\/2024\/11\/daros-1-2048x1152.jpg 2048w\" sizes=\"(max-width: 1024px) 100vw, 1024px\" \/><\/figure>\n\n\n\n<p><\/p>\n","protected":false},"excerpt":{"rendered":"<p>El grup parlamentari a les Corts Valencianes ja va instar al 2018 a la Confederaci\u00f3 Hidrogr\u00e1fica per fer front a les esp\u00e8cies invasores A la Vall d&#8217;Uix\u00f3, els rius secs i rambles tenen un paper fonamental en l\u2019ecosistema, ja que actuen drenant de manera superficial les aig\u00fces que no poden ser filtrades als aq\u00fc\u00edfers, acumulacions &#8230; <a title=\"Comprom\u00eds demana l&#8217;adequaci\u00f3 i protecci\u00f3 del rius i rambles de la Vall d\u2019Uix\u00f3\" class=\"read-more\" href=\"https:\/\/elcafedepipa.com\/index.php\/2024\/11\/25\/compromis-demana-ladequacio-i-proteccio-del-rius-i-rambles-de-la-vall-duixo\/\" aria-label=\"M\u00e9s informaci\u00f3 sobre Comprom\u00eds demana l&#8217;adequaci\u00f3 i protecci\u00f3 del rius i rambles de la Vall d\u2019Uix\u00f3\">Read more<\/a><\/p>\n","protected":false},"author":2,"featured_media":8432,"comment_status":"closed","ping_status":"closed","sticky":false,"template":"","format":"standard","meta":{"om_disable_all_campaigns":false,"_monsterinsights_skip_tracking":false,"_monsterinsights_sitenote_active":false,"_monsterinsights_sitenote_note":"","_monsterinsights_sitenote_category":0,"_uf_show_specific_survey":0,"_uf_disable_surveys":false,"footnotes":""},"categories":[1],"tags":[],"class_list":["post-8431","post","type-post","status-publish","format-standard","has-post-thumbnail","hentry","category-non-classe"],"_links":{"self":[{"href":"https:\/\/elcafedepipa.com\/index.php\/wp-json\/wp\/v2\/posts\/8431","targetHints":{"allow":["GET"]}}],"collection":[{"href":"https:\/\/elcafedepipa.com\/index.php\/wp-json\/wp\/v2\/posts"}],"about":[{"href":"https:\/\/elcafedepipa.com\/index.php\/wp-json\/wp\/v2\/types\/post"}],"author":[{"embeddable":true,"href":"https:\/\/elcafedepipa.com\/index.php\/wp-json\/wp\/v2\/users\/2"}],"replies":[{"embeddable":true,"href":"https:\/\/elcafedepipa.com\/index.php\/wp-json\/wp\/v2\/comments?post=8431"}],"version-history":[{"count":0,"href":"https:\/\/elcafedepipa.com\/index.php\/wp-json\/wp\/v2\/posts\/8431\/revisions"}],"wp:featuredmedia":[{"embeddable":true,"href":"https:\/\/elcafedepipa.com\/index.php\/wp-json\/wp\/v2\/media\/8432"}],"wp:attachment":[{"href":"https:\/\/elcafedepipa.com\/index.php\/wp-json\/wp\/v2\/media?parent=8431"}],"wp:term":[{"taxonomy":"category","embeddable":true,"href":"https:\/\/elcafedepipa.com\/index.php\/wp-json\/wp\/v2\/categories?post=8431"},{"taxonomy":"post_tag","embeddable":true,"href":"https:\/\/elcafedepipa.com\/index.php\/wp-json\/wp\/v2\/tags?post=8431"}],"curies":[{"name":"wp","href":"https:\/\/api.w.org\/{rel}","templated":true}]}}