{"id":8150,"date":"2024-11-13T14:45:28","date_gmt":"2024-11-13T13:45:28","guid":{"rendered":"https:\/\/elcafedepipa.com\/?p=8150"},"modified":"2024-11-13T14:45:29","modified_gmt":"2024-11-13T13:45:29","slug":"eco-les-aules-sobri-al-treball-de-joves-creadors-castellonencs","status":"publish","type":"post","link":"https:\/\/elcafedepipa.com\/index.php\/2024\/11\/13\/eco-les-aules-sobri-al-treball-de-joves-creadors-castellonencs\/","title":{"rendered":"ECO Les Aules s&#8217;obri al treball de joves creadors castellonencs"},"content":{"rendered":"\n<p><strong>L&#8217;espai cultural de la Diputaci\u00f3 impulsa el cicle Talent Creatiu comen\u00e7a esta vesprada amb el xef valldeuxense Cristian Granero i es desenvolupar\u00e0 cada dimecres fins al pr\u00f2xim 4 de desembre<\/strong><\/p>\n\n\n\n<p>L\u2019Espai Cultural Obert-ECO Les Aules de la Diputaci\u00f3 de Castell\u00f3 posa en marxa una nova iniciativa per a donar a con\u00e9ixer el treball de joves creadors castellonencs. Amb el t\u00edtol de Talent Creatiu (Jornades sobre creativitat local en primera persona), s&#8217;ha programat una s\u00e8rie inicial de quatre xarrades a desenvolupar els dimecres 13, 20, 27 de novembre i 4 de desembre que arrancar\u00e0 amb el xef valldeuxense Cristian Granero. Esta trobada prevista per a esta vesprada comen\u00e7ar\u00e0 a les 19.30 hores, amb lliure acc\u00e9s, igual que la resta del cicle.<\/p>\n\n\n\n<p>El diputat de Cultura, Alejandro Clausell, ha indicat que \u201cl&#8217;objectiu de Talent Creatiu \u00e9s con\u00e9ixer personalment als joves creadors i al mateix temps endinsar-se en els seus respectius processos de treball en variades disciplines com a gastronomia, il\u00b7lustraci\u00f3, m\u00fasica o cinema\u201d. Seran trobades pr\u00f2ximes i obertes a la participaci\u00f3 del p\u00fablic en els quals ser\u00e0 possible saber com troben la inspiraci\u00f3, les seues metodologies per a dur-les a terme i la superaci\u00f3 dels desafiaments propis de l&#8217;acompliment de tasques creatives.<\/p>\n\n\n\n<p>Al mateix temps, Talent Creatiu busca destacar el paper de la creativitat en el desenvolupament cultural i social, aix\u00ed com el seu valor com a motor econ\u00f2mic de la prov\u00edncia i la seua capacitat de connectar als creadors amb el territori i la comunitat.<\/p>\n\n\n\n<p>El primer dels convidats ser\u00e0 Cristian Granero, propietari del restaurant Anhelo, de Castell\u00f3, incl\u00f2s des de l&#8217;actual any en la guia Michel\u00edn. En la seua cuina, este jove valldeuxense reinterpreta el t\u00edpic esmorzar valenci\u00e0 o la sardina de bota.<\/p>\n\n\n\n<p><\/p>\n","protected":false},"excerpt":{"rendered":"<p>L&#8217;espai cultural de la Diputaci\u00f3 impulsa el cicle Talent Creatiu comen\u00e7a esta vesprada amb el xef valldeuxense Cristian Granero i es desenvolupar\u00e0 cada dimecres fins al pr\u00f2xim 4 de desembre L\u2019Espai Cultural Obert-ECO Les Aules de la Diputaci\u00f3 de Castell\u00f3 posa en marxa una nova iniciativa per a donar a con\u00e9ixer el treball de joves &#8230; <a title=\"ECO Les Aules s&#8217;obri al treball de joves creadors castellonencs\" class=\"read-more\" href=\"https:\/\/elcafedepipa.com\/index.php\/2024\/11\/13\/eco-les-aules-sobri-al-treball-de-joves-creadors-castellonencs\/\" aria-label=\"M\u00e9s informaci\u00f3 sobre ECO Les Aules s&#8217;obri al treball de joves creadors castellonencs\">Read more<\/a><\/p>\n","protected":false},"author":2,"featured_media":8151,"comment_status":"closed","ping_status":"closed","sticky":false,"template":"","format":"standard","meta":{"om_disable_all_campaigns":false,"_monsterinsights_skip_tracking":false,"_monsterinsights_sitenote_active":false,"_monsterinsights_sitenote_note":"","_monsterinsights_sitenote_category":0,"_uf_show_specific_survey":0,"_uf_disable_surveys":false,"footnotes":""},"categories":[10],"tags":[],"class_list":["post-8150","post","type-post","status-publish","format-standard","has-post-thumbnail","hentry","category-provinciadecastello"],"_links":{"self":[{"href":"https:\/\/elcafedepipa.com\/index.php\/wp-json\/wp\/v2\/posts\/8150","targetHints":{"allow":["GET"]}}],"collection":[{"href":"https:\/\/elcafedepipa.com\/index.php\/wp-json\/wp\/v2\/posts"}],"about":[{"href":"https:\/\/elcafedepipa.com\/index.php\/wp-json\/wp\/v2\/types\/post"}],"author":[{"embeddable":true,"href":"https:\/\/elcafedepipa.com\/index.php\/wp-json\/wp\/v2\/users\/2"}],"replies":[{"embeddable":true,"href":"https:\/\/elcafedepipa.com\/index.php\/wp-json\/wp\/v2\/comments?post=8150"}],"version-history":[{"count":0,"href":"https:\/\/elcafedepipa.com\/index.php\/wp-json\/wp\/v2\/posts\/8150\/revisions"}],"wp:featuredmedia":[{"embeddable":true,"href":"https:\/\/elcafedepipa.com\/index.php\/wp-json\/wp\/v2\/media\/8151"}],"wp:attachment":[{"href":"https:\/\/elcafedepipa.com\/index.php\/wp-json\/wp\/v2\/media?parent=8150"}],"wp:term":[{"taxonomy":"category","embeddable":true,"href":"https:\/\/elcafedepipa.com\/index.php\/wp-json\/wp\/v2\/categories?post=8150"},{"taxonomy":"post_tag","embeddable":true,"href":"https:\/\/elcafedepipa.com\/index.php\/wp-json\/wp\/v2\/tags?post=8150"}],"curies":[{"name":"wp","href":"https:\/\/api.w.org\/{rel}","templated":true}]}}