{"id":8144,"date":"2024-11-13T14:41:08","date_gmt":"2024-11-13T13:41:08","guid":{"rendered":"https:\/\/elcafedepipa.com\/?p=8144"},"modified":"2024-11-13T14:41:10","modified_gmt":"2024-11-13T13:41:10","slug":"nules-renova-el-consell-de-xiquets-i-de-xiquetes","status":"publish","type":"post","link":"https:\/\/elcafedepipa.com\/index.php\/2024\/11\/13\/nules-renova-el-consell-de-xiquets-i-de-xiquetes\/","title":{"rendered":"Nules renova el consell de xiquets i de xiquetes"},"content":{"rendered":"\n<p><strong>El pr\u00f2xim dilluns se celebrar\u00e0 la primera sessi\u00f3 on l\u2019alumnat&nbsp; presentar\u00e0 propostes<\/strong><\/p>\n\n\n\n<p>Nules ha renovat aquesta setmana els membres del Consell de Xiquets i de Xiquetes amb el qual es vol promoure la participaci\u00f3 de les xiquetes i els xiquets en temes municipals.<\/p>\n\n\n\n<p>Aquest consell est\u00e0 format per una persona representant i una altra suplent de l\u2019alumnat dels cursos de cinqu\u00e9 i de sis\u00e9 de Prim\u00e0ria de cadascuna de les sis escoles de la localitat: CEIP Jaume I, CEIP P\u00edo XII, CEIP Cervantes, CEIP Nou Pedro Alc\u00e1zar, CEIP Lope de Vega i del col\u00b7legi la Consolaci\u00f3, a m\u00e9s tamb\u00e9 hi ha una representaci\u00f3 de l\u2019alumnat de primer i de segon de l\u2019ESO de l\u2019IES Gilabert de Centelles, aix\u00ed mateix les funcions de president les t\u00e9 l\u2019alcalde de Nules, David Garc\u00eda, mentre que la regidora d\u2019Educaci\u00f3 i d\u2019Inf\u00e0ncia, Rosa Ventura, \u00e9s la vicepresidenta.<\/p>\n\n\n\n<p>Entre les accions que porta a terme el Consell de Xiquets i de Xiquetes es troba la celebraci\u00f3 de plens, en els quals s\u2019exposen diferents problem\u00e0tiques que afecten a la localitat i que han estat treballades &nbsp;pr\u00e8viament en el seus centres educatius, de manera que en aquestes sessions es tracta de buscar solucions.<\/p>\n\n\n\n<p>Aix\u00ed, dilluns, 18 de novembre, se celebrar\u00e0 la primera d\u2019aquestes sessions en la qual l\u2019alumnat presentar\u00e0 les seues propostes.<\/p>\n\n\n\n<p>Davant a\u00e7\u00f2, la regidora Rosa Ventura, comenta que \u201clas idea \u00e9s que les xiquetes i els xiquets del nostre municipi aprenguen a implicar-se i a reflexionar sobre com millorar el seu poble, per tant en aquesta primera sessi\u00f3 exposaran les seues propostes per a aix\u00ed comen\u00e7ar a treballar en elles al llarg de tot aquest curs\u201d.<\/p>\n\n\n\n<p>Aquesta iniciativa es va posar en marxa, per primera a Nules, l\u2019any 2018 i t\u00e9 una gran acceptaci\u00f3 tant de l\u2019alumnat com del professorat de la comunitat educativa de la localitat.&nbsp;&nbsp;&nbsp;&nbsp;&nbsp;&nbsp;<\/p>\n","protected":false},"excerpt":{"rendered":"<p>El pr\u00f2xim dilluns se celebrar\u00e0 la primera sessi\u00f3 on l\u2019alumnat&nbsp; presentar\u00e0 propostes Nules ha renovat aquesta setmana els membres del Consell de Xiquets i de Xiquetes amb el qual es vol promoure la participaci\u00f3 de les xiquetes i els xiquets en temes municipals. Aquest consell est\u00e0 format per una persona representant i una altra suplent &#8230; <a title=\"Nules renova el consell de xiquets i de xiquetes\" class=\"read-more\" href=\"https:\/\/elcafedepipa.com\/index.php\/2024\/11\/13\/nules-renova-el-consell-de-xiquets-i-de-xiquetes\/\" aria-label=\"M\u00e9s informaci\u00f3 sobre Nules renova el consell de xiquets i de xiquetes\">Read more<\/a><\/p>\n","protected":false},"author":2,"featured_media":8145,"comment_status":"closed","ping_status":"closed","sticky":false,"template":"","format":"standard","meta":{"om_disable_all_campaigns":false,"_monsterinsights_skip_tracking":false,"_monsterinsights_sitenote_active":false,"_monsterinsights_sitenote_note":"","_monsterinsights_sitenote_category":0,"_uf_show_specific_survey":0,"_uf_disable_surveys":false,"footnotes":""},"categories":[3],"tags":[],"class_list":["post-8144","post","type-post","status-publish","format-standard","has-post-thumbnail","hentry","category-nules"],"_links":{"self":[{"href":"https:\/\/elcafedepipa.com\/index.php\/wp-json\/wp\/v2\/posts\/8144","targetHints":{"allow":["GET"]}}],"collection":[{"href":"https:\/\/elcafedepipa.com\/index.php\/wp-json\/wp\/v2\/posts"}],"about":[{"href":"https:\/\/elcafedepipa.com\/index.php\/wp-json\/wp\/v2\/types\/post"}],"author":[{"embeddable":true,"href":"https:\/\/elcafedepipa.com\/index.php\/wp-json\/wp\/v2\/users\/2"}],"replies":[{"embeddable":true,"href":"https:\/\/elcafedepipa.com\/index.php\/wp-json\/wp\/v2\/comments?post=8144"}],"version-history":[{"count":0,"href":"https:\/\/elcafedepipa.com\/index.php\/wp-json\/wp\/v2\/posts\/8144\/revisions"}],"wp:featuredmedia":[{"embeddable":true,"href":"https:\/\/elcafedepipa.com\/index.php\/wp-json\/wp\/v2\/media\/8145"}],"wp:attachment":[{"href":"https:\/\/elcafedepipa.com\/index.php\/wp-json\/wp\/v2\/media?parent=8144"}],"wp:term":[{"taxonomy":"category","embeddable":true,"href":"https:\/\/elcafedepipa.com\/index.php\/wp-json\/wp\/v2\/categories?post=8144"},{"taxonomy":"post_tag","embeddable":true,"href":"https:\/\/elcafedepipa.com\/index.php\/wp-json\/wp\/v2\/tags?post=8144"}],"curies":[{"name":"wp","href":"https:\/\/api.w.org\/{rel}","templated":true}]}}