{"id":8133,"date":"2024-11-13T13:16:04","date_gmt":"2024-11-13T12:16:04","guid":{"rendered":"https:\/\/elcafedepipa.com\/?p=8133"},"modified":"2024-11-13T13:16:06","modified_gmt":"2024-11-13T12:16:06","slug":"salvador-aguilella-secretari-general-dels-populars-de-la-provincia-de-castello-posa-en-valor-la-politica-eficac-de-marta-barrachina-amb-limpuls-a-les-ajudes-que-auxilien-als-municipis-afectats-pe","status":"publish","type":"post","link":"https:\/\/elcafedepipa.com\/index.php\/2024\/11\/13\/salvador-aguilella-secretari-general-dels-populars-de-la-provincia-de-castello-posa-en-valor-la-politica-eficac-de-marta-barrachina-amb-limpuls-a-les-ajudes-que-auxilien-als-municipis-afectats-pe\/","title":{"rendered":"Salvador Aguilella, secretari general dels populars de la prov\u00edncia de Castell\u00f3 posa en valor &#8220;la pol\u00edtica efica\u00e7 de Marta Barrachina amb l&#8217;impuls a les ajudes que auxilien als municipis afectats per la DANA&#8221;"},"content":{"rendered":"\n<p>El secretari dels populars de la prov\u00edncia de Castell\u00f3 ha posat en valor la pol\u00edtica que est\u00e0 portant a terme la presidenta de la Diputaci\u00f3, i recordava que &#8220;del 28 d&#8217;octubre al 6 de novembre, una DANA va agranar el nostre Mediterrani sembrant una cat\u00e0strofe a Val\u00e8ncia i deixant greus danys a la prov\u00edncia de Castell\u00f3. Una setmana despr\u00e9s, les ajudes ja s&#8217;han concedit als municipis. Els castellonencs saben que la presidenta de la Diputaci\u00f3 garantix servicis i ajuda a reparar danys&#8221;.<\/p>\n\n\n\n<p>Aix\u00ed ha secundat Salvador Aguilella, secretari general del PPCS, la &#8220;protecci\u00f3 dels interessos de la prov\u00edncia&#8221;. &#8220;Hui els problemes es resolen amb una resposta eficient i \u00e0gil&#8221;. &#8220;Perqu\u00e8 el que importa \u00e9s el benestar i defensa dels interessos ciutadans&#8221;.<\/p>\n\n\n\n<p>Diu Aguilella que &#8220;mai abans la Diputaci\u00f3 de Castell\u00f3 havia comptat amb una l\u00ednia econ\u00f2mica per a atendre cat\u00e0strofes. Marta Barrachina la va crear en 2023 i ara at\u00e9n les necessitats de 31 localitats. I ho fa amb el comprom\u00eds de ser \u00fatil, per al que doblega la quantitat prevista, de 200.000 euros es passa a 400.000 euros&#8221;.<\/p>\n\n\n\n<p>En paral\u00b7lel, s&#8217;ha reclamat als governs auton\u00f2mic i estatal la inclusi\u00f3 de 33 localitats afectades per la DANA en les l\u00ednies d&#8217;ajuda econ\u00f2mica convocades per a recuperar infraestructures despr\u00e9s del temporal. &#8220;Es tracta de 31 municipis als quals Diputaci\u00f3 ja ha concedit ajudes i als quals se sumen Benicarl\u00f3 i Vinar\u00f2s, de m\u00e9s de 20.000 habitants, ja que totes dues l\u00ednies no tenen en compte la poblaci\u00f3 a l&#8217;hora de sol\u00b7licitar l&#8217;ajuda&#8221;.<\/p>\n\n\n\n<p>En este sentit, &#8220;\u00e9s clau la defensa de tot el territori que exercix la presidenta provincial Marta Barrachina&#8221;. &#8220;Perqu\u00e8 hui al capdavant de la Diputaci\u00f3 de Castell\u00f3 hi ha una pol\u00edtica al servici dels ciutadans&#8221;.<\/p>\n\n\n\n<p><strong>M\u00e9s de 1,7 milions per a superar la DANA<\/strong><\/p>\n\n\n\n<p>Salvador Aguilella ha posat en valor, aix\u00ed mateix, l&#8217;increment de la l\u00ednia d&#8217;ajudes per a reparaci\u00f3 de camins que creix fins als 1.374.000 euros.<\/p>\n\n\n\n<p>&#8220;Esta prov\u00edncia t\u00e9 en les seues comunicacions vies de vida per a l&#8217;interior. I el m\u00f3n rural \u00e9s bandera per a la presidenta provincial que demostra, amb esta aposta econ\u00f2mica, el ferm comprom\u00eds d&#8217;ajudar, servir i complir amb la nostra terra&#8221;, ha concl\u00f2s Aguilella.<\/p>\n\n\n\n<p><\/p>\n","protected":false},"excerpt":{"rendered":"<p>El secretari dels populars de la prov\u00edncia de Castell\u00f3 ha posat en valor la pol\u00edtica que est\u00e0 portant a terme la presidenta de la Diputaci\u00f3, i recordava que &#8220;del 28 d&#8217;octubre al 6 de novembre, una DANA va agranar el nostre Mediterrani sembrant una cat\u00e0strofe a Val\u00e8ncia i deixant greus danys a la prov\u00edncia de &#8230; <a title=\"Salvador Aguilella, secretari general dels populars de la prov\u00edncia de Castell\u00f3 posa en valor &#8220;la pol\u00edtica efica\u00e7 de Marta Barrachina amb l&#8217;impuls a les ajudes que auxilien als municipis afectats per la DANA&#8221;\" class=\"read-more\" href=\"https:\/\/elcafedepipa.com\/index.php\/2024\/11\/13\/salvador-aguilella-secretari-general-dels-populars-de-la-provincia-de-castello-posa-en-valor-la-politica-eficac-de-marta-barrachina-amb-limpuls-a-les-ajudes-que-auxilien-als-municipis-afectats-pe\/\" aria-label=\"M\u00e9s informaci\u00f3 sobre Salvador Aguilella, secretari general dels populars de la prov\u00edncia de Castell\u00f3 posa en valor &#8220;la pol\u00edtica efica\u00e7 de Marta Barrachina amb l&#8217;impuls a les ajudes que auxilien als municipis afectats per la DANA&#8221;\">Read more<\/a><\/p>\n","protected":false},"author":2,"featured_media":8134,"comment_status":"open","ping_status":"open","sticky":false,"template":"","format":"standard","meta":{"om_disable_all_campaigns":false,"_monsterinsights_skip_tracking":false,"_monsterinsights_sitenote_active":false,"_monsterinsights_sitenote_note":"","_monsterinsights_sitenote_category":0,"_uf_show_specific_survey":0,"_uf_disable_surveys":false,"footnotes":""},"categories":[10],"tags":[],"class_list":["post-8133","post","type-post","status-publish","format-standard","has-post-thumbnail","hentry","category-provinciadecastello"],"_links":{"self":[{"href":"https:\/\/elcafedepipa.com\/index.php\/wp-json\/wp\/v2\/posts\/8133","targetHints":{"allow":["GET"]}}],"collection":[{"href":"https:\/\/elcafedepipa.com\/index.php\/wp-json\/wp\/v2\/posts"}],"about":[{"href":"https:\/\/elcafedepipa.com\/index.php\/wp-json\/wp\/v2\/types\/post"}],"author":[{"embeddable":true,"href":"https:\/\/elcafedepipa.com\/index.php\/wp-json\/wp\/v2\/users\/2"}],"replies":[{"embeddable":true,"href":"https:\/\/elcafedepipa.com\/index.php\/wp-json\/wp\/v2\/comments?post=8133"}],"version-history":[{"count":0,"href":"https:\/\/elcafedepipa.com\/index.php\/wp-json\/wp\/v2\/posts\/8133\/revisions"}],"wp:featuredmedia":[{"embeddable":true,"href":"https:\/\/elcafedepipa.com\/index.php\/wp-json\/wp\/v2\/media\/8134"}],"wp:attachment":[{"href":"https:\/\/elcafedepipa.com\/index.php\/wp-json\/wp\/v2\/media?parent=8133"}],"wp:term":[{"taxonomy":"category","embeddable":true,"href":"https:\/\/elcafedepipa.com\/index.php\/wp-json\/wp\/v2\/categories?post=8133"},{"taxonomy":"post_tag","embeddable":true,"href":"https:\/\/elcafedepipa.com\/index.php\/wp-json\/wp\/v2\/tags?post=8133"}],"curies":[{"name":"wp","href":"https:\/\/api.w.org\/{rel}","templated":true}]}}