{"id":8087,"date":"2024-11-12T14:09:43","date_gmt":"2024-11-12T13:09:43","guid":{"rendered":"https:\/\/elcafedepipa.com\/?p=8087"},"modified":"2024-11-12T14:09:44","modified_gmt":"2024-11-12T13:09:44","slug":"almenara-posa-en-marxa-una-nova-edicio-del-programa-de-corresponsals-juvenils","status":"publish","type":"post","link":"https:\/\/elcafedepipa.com\/index.php\/2024\/11\/12\/almenara-posa-en-marxa-una-nova-edicio-del-programa-de-corresponsals-juvenils\/","title":{"rendered":"Almenara posa en marxa una nova edici\u00f3 del programa de corresponsals juvenils"},"content":{"rendered":"\n<p><strong>Els i les joves que tinguen inter\u00e9s podran inscriure&#8217;s fins al pr\u00f2xim 29 de novembre<\/strong><\/p>\n\n\n\n<p><\/p>\n\n\n\n<p>Fins al pr\u00f2xim 29 de novembre est\u00e0 oberta la inscripci\u00f3 per a tots aquells joves d&#8217;Almenara que vulguen participar un any m\u00e9s en el programa de \u201cCorresponsals Juvenils\u201d que posen en marxa l&#8217;Ajuntament d&#8217;Almenara i l&#8217;IVAJ. Les persones interessades podran inscriure&#8217;s entregant la pertinent autoritzaci\u00f3 signada en el Casal Jove (o arreplegar-la si no la disposen) o b\u00e9 al n\u00famero de WhatsApp 623 42 52 17.<\/p>\n\n\n\n<p>Els voluntaris i les volunt\u00e0ries juvenils s\u00f3n un grup de joves que participen, contribueixen i es responsabilitzen de la dinamitzaci\u00f3 d&#8217;activitats que es proposen des del departament de Joventut de manera volunt\u00e0ria. Igualment, s&#8217;encarreguen de fer propostes i transmetre la informaci\u00f3 i necessitats que es detecten entre els joves de la localitat. A m\u00e9s, tamb\u00e9 faran tasques de suport i voluntariat. En aquesta edici\u00f3 es buscaran accions per a ajudar a les persones afectades per la Dana.<\/p>\n\n\n\n<p>Els i les corresponsals juvenils tindran prioritat per a les inscripcions en els cursos de l&#8217;\u00e0rea de Joventut. Tamb\u00e9 tindran activitats espec\u00edfiques i participaran en excursions i trobades amb corresponsals juvenils d&#8217;altres localitats.<\/p>\n\n\n\n<p>Des de la regidoria de Joventut s&#8217;ha iniciat una campanya informativa sobre el programa amb accions en l&#8217;Institut de la localitat, aix\u00ed com en les xarxes socials municipals.<\/p>\n\n\n\n<p><\/p>\n","protected":false},"excerpt":{"rendered":"<p>Els i les joves que tinguen inter\u00e9s podran inscriure&#8217;s fins al pr\u00f2xim 29 de novembre Fins al pr\u00f2xim 29 de novembre est\u00e0 oberta la inscripci\u00f3 per a tots aquells joves d&#8217;Almenara que vulguen participar un any m\u00e9s en el programa de \u201cCorresponsals Juvenils\u201d que posen en marxa l&#8217;Ajuntament d&#8217;Almenara i l&#8217;IVAJ. Les persones interessades podran &#8230; <a title=\"Almenara posa en marxa una nova edici\u00f3 del programa de corresponsals juvenils\" class=\"read-more\" href=\"https:\/\/elcafedepipa.com\/index.php\/2024\/11\/12\/almenara-posa-en-marxa-una-nova-edicio-del-programa-de-corresponsals-juvenils\/\" aria-label=\"M\u00e9s informaci\u00f3 sobre Almenara posa en marxa una nova edici\u00f3 del programa de corresponsals juvenils\">Read more<\/a><\/p>\n","protected":false},"author":2,"featured_media":8088,"comment_status":"closed","ping_status":"closed","sticky":false,"template":"","format":"standard","meta":{"om_disable_all_campaigns":false,"_monsterinsights_skip_tracking":false,"_monsterinsights_sitenote_active":false,"_monsterinsights_sitenote_note":"","_monsterinsights_sitenote_category":0,"_uf_show_specific_survey":0,"_uf_disable_surveys":false,"footnotes":""},"categories":[5],"tags":[],"class_list":["post-8087","post","type-post","status-publish","format-standard","has-post-thumbnail","hentry","category-almenara"],"_links":{"self":[{"href":"https:\/\/elcafedepipa.com\/index.php\/wp-json\/wp\/v2\/posts\/8087","targetHints":{"allow":["GET"]}}],"collection":[{"href":"https:\/\/elcafedepipa.com\/index.php\/wp-json\/wp\/v2\/posts"}],"about":[{"href":"https:\/\/elcafedepipa.com\/index.php\/wp-json\/wp\/v2\/types\/post"}],"author":[{"embeddable":true,"href":"https:\/\/elcafedepipa.com\/index.php\/wp-json\/wp\/v2\/users\/2"}],"replies":[{"embeddable":true,"href":"https:\/\/elcafedepipa.com\/index.php\/wp-json\/wp\/v2\/comments?post=8087"}],"version-history":[{"count":0,"href":"https:\/\/elcafedepipa.com\/index.php\/wp-json\/wp\/v2\/posts\/8087\/revisions"}],"wp:featuredmedia":[{"embeddable":true,"href":"https:\/\/elcafedepipa.com\/index.php\/wp-json\/wp\/v2\/media\/8088"}],"wp:attachment":[{"href":"https:\/\/elcafedepipa.com\/index.php\/wp-json\/wp\/v2\/media?parent=8087"}],"wp:term":[{"taxonomy":"category","embeddable":true,"href":"https:\/\/elcafedepipa.com\/index.php\/wp-json\/wp\/v2\/categories?post=8087"},{"taxonomy":"post_tag","embeddable":true,"href":"https:\/\/elcafedepipa.com\/index.php\/wp-json\/wp\/v2\/tags?post=8087"}],"curies":[{"name":"wp","href":"https:\/\/api.w.org\/{rel}","templated":true}]}}