{"id":8071,"date":"2024-11-12T13:50:00","date_gmt":"2024-11-12T12:50:00","guid":{"rendered":"https:\/\/elcafedepipa.com\/?p=8071"},"modified":"2024-11-12T13:00:20","modified_gmt":"2024-11-12T12:00:20","slug":"podcast-lajuntament-de-la-vall-ha-enviat-un-escrit-a-la-direccio-general-de-transports-demanant-lampliacio-de-places-en-el-servei-de-bus-a-castello-i-informacio-sobre-la-nova-linia-a-vale","status":"publish","type":"post","link":"https:\/\/elcafedepipa.com\/index.php\/2024\/11\/12\/podcast-lajuntament-de-la-vall-ha-enviat-un-escrit-a-la-direccio-general-de-transports-demanant-lampliacio-de-places-en-el-servei-de-bus-a-castello-i-informacio-sobre-la-nova-linia-a-vale\/","title":{"rendered":"Podcast | L\u2019Ajuntament de la Vall ha enviat un escrit a la Direcci\u00f3 General de Transports demanant l&#8217;ampliaci\u00f3 de places en el servei de bus a Castell\u00f3 i informaci\u00f3 sobre la nova l\u00ednia a Val\u00e8ncia"},"content":{"rendered":"\n<figure class=\"wp-block-audio\"><audio controls src=\"https:\/\/elcafedepipa.com\/wp-content\/uploads\/2024\/11\/ferreres12nov.mp3\"><\/audio><\/figure>\n","protected":false},"excerpt":{"rendered":"","protected":false},"author":2,"featured_media":8075,"comment_status":"open","ping_status":"open","sticky":false,"template":"","format":"standard","meta":{"om_disable_all_campaigns":false,"_monsterinsights_skip_tracking":false,"_monsterinsights_sitenote_active":false,"_monsterinsights_sitenote_note":"","_monsterinsights_sitenote_category":0,"_uf_show_specific_survey":0,"_uf_disable_surveys":false,"footnotes":""},"categories":[1],"tags":[],"class_list":["post-8071","post","type-post","status-publish","format-standard","has-post-thumbnail","hentry","category-non-classe"],"_links":{"self":[{"href":"https:\/\/elcafedepipa.com\/index.php\/wp-json\/wp\/v2\/posts\/8071","targetHints":{"allow":["GET"]}}],"collection":[{"href":"https:\/\/elcafedepipa.com\/index.php\/wp-json\/wp\/v2\/posts"}],"about":[{"href":"https:\/\/elcafedepipa.com\/index.php\/wp-json\/wp\/v2\/types\/post"}],"author":[{"embeddable":true,"href":"https:\/\/elcafedepipa.com\/index.php\/wp-json\/wp\/v2\/users\/2"}],"replies":[{"embeddable":true,"href":"https:\/\/elcafedepipa.com\/index.php\/wp-json\/wp\/v2\/comments?post=8071"}],"version-history":[{"count":0,"href":"https:\/\/elcafedepipa.com\/index.php\/wp-json\/wp\/v2\/posts\/8071\/revisions"}],"wp:featuredmedia":[{"embeddable":true,"href":"https:\/\/elcafedepipa.com\/index.php\/wp-json\/wp\/v2\/media\/8075"}],"wp:attachment":[{"href":"https:\/\/elcafedepipa.com\/index.php\/wp-json\/wp\/v2\/media?parent=8071"}],"wp:term":[{"taxonomy":"category","embeddable":true,"href":"https:\/\/elcafedepipa.com\/index.php\/wp-json\/wp\/v2\/categories?post=8071"},{"taxonomy":"post_tag","embeddable":true,"href":"https:\/\/elcafedepipa.com\/index.php\/wp-json\/wp\/v2\/tags?post=8071"}],"curies":[{"name":"wp","href":"https:\/\/api.w.org\/{rel}","templated":true}]}}