{"id":8018,"date":"2024-11-11T12:02:00","date_gmt":"2024-11-11T11:02:00","guid":{"rendered":"https:\/\/elcafedepipa.com\/?p=8018"},"modified":"2024-11-11T12:02:01","modified_gmt":"2024-11-11T11:02:01","slug":"la-biblioteca-municipal-joan-fuster-dalmenara-suneix-al-cicle-espanta-la-por-amb-sessions-de-contacontes-per-a-escolars","status":"publish","type":"post","link":"https:\/\/elcafedepipa.com\/index.php\/2024\/11\/11\/la-biblioteca-municipal-joan-fuster-dalmenara-suneix-al-cicle-espanta-la-por-amb-sessions-de-contacontes-per-a-escolars\/","title":{"rendered":"La Biblioteca Municipal Joan Fuster d&#8217;Almenara s&#8217;uneix al cicle &#8220;Espanta la por&#8221; amb sessions de contacontes per a escolars."},"content":{"rendered":"\n<p><strong>\u201cLa Maria no t\u00e9 por\u201d de Dani Miquel i Francesc Gisbert ha sigut l&#8217;obra escollida<\/strong><\/p>\n\n\n\n<p>La Biblioteca Municipal Joan Fuster d\u2019Almenara un any m\u00e9s s&#8217;ha unit a la programaci\u00f3 d\u2019Espanta la Por que organitza l\u2019Etno (Museu Etnogr\u00e0fic de la Diputaci\u00f3 de Val\u00e8ncia) amb la finalitat de donar a con\u00e9ixer les tradicions valencianes i en aquest cas els monstres valencians en dates properes a Tots Sants.<\/p>\n\n\n\n<p>La programaci\u00f3, que s&#8217;ha dut a terme al llarg de la setmana passada, ha consistit en unes sessions de contacontes dirigits a l&#8217;alumnat del col\u00b7legi d&#8217;Almenara des d&#8217;infantil 3 anys a segon de prim\u00e0ria. El conte escollit en aquesta ocasi\u00f3 ha sigut \u201cLa Maria no t\u00e9 por\u201d escrit per Dani Miquel i Francesc Gisbert i amb il\u00b7lustracions de Riccardo Maniscalchi, d&#8217;Andana Editorial.<\/p>\n\n\n\n<p>Aix\u00ed doncs, un any m\u00e9s, els i les escolars d&#8217;Almenara han pogut gaudir d&#8217;un nou conte i de con\u00e9ixer les tradicions i les criatures i monstres valencians.<\/p>\n","protected":false},"excerpt":{"rendered":"<p>\u201cLa Maria no t\u00e9 por\u201d de Dani Miquel i Francesc Gisbert ha sigut l&#8217;obra escollida La Biblioteca Municipal Joan Fuster d\u2019Almenara un any m\u00e9s s&#8217;ha unit a la programaci\u00f3 d\u2019Espanta la Por que organitza l\u2019Etno (Museu Etnogr\u00e0fic de la Diputaci\u00f3 de Val\u00e8ncia) amb la finalitat de donar a con\u00e9ixer les tradicions valencianes i en aquest &#8230; <a title=\"La Biblioteca Municipal Joan Fuster d&#8217;Almenara s&#8217;uneix al cicle &#8220;Espanta la por&#8221; amb sessions de contacontes per a escolars.\" class=\"read-more\" href=\"https:\/\/elcafedepipa.com\/index.php\/2024\/11\/11\/la-biblioteca-municipal-joan-fuster-dalmenara-suneix-al-cicle-espanta-la-por-amb-sessions-de-contacontes-per-a-escolars\/\" aria-label=\"M\u00e9s informaci\u00f3 sobre La Biblioteca Municipal Joan Fuster d&#8217;Almenara s&#8217;uneix al cicle &#8220;Espanta la por&#8221; amb sessions de contacontes per a escolars.\">Read more<\/a><\/p>\n","protected":false},"author":2,"featured_media":8019,"comment_status":"closed","ping_status":"closed","sticky":false,"template":"","format":"standard","meta":{"om_disable_all_campaigns":false,"_monsterinsights_skip_tracking":false,"_monsterinsights_sitenote_active":false,"_monsterinsights_sitenote_note":"","_monsterinsights_sitenote_category":0,"_uf_show_specific_survey":0,"_uf_disable_surveys":false,"footnotes":""},"categories":[5],"tags":[],"class_list":["post-8018","post","type-post","status-publish","format-standard","has-post-thumbnail","hentry","category-almenara"],"_links":{"self":[{"href":"https:\/\/elcafedepipa.com\/index.php\/wp-json\/wp\/v2\/posts\/8018","targetHints":{"allow":["GET"]}}],"collection":[{"href":"https:\/\/elcafedepipa.com\/index.php\/wp-json\/wp\/v2\/posts"}],"about":[{"href":"https:\/\/elcafedepipa.com\/index.php\/wp-json\/wp\/v2\/types\/post"}],"author":[{"embeddable":true,"href":"https:\/\/elcafedepipa.com\/index.php\/wp-json\/wp\/v2\/users\/2"}],"replies":[{"embeddable":true,"href":"https:\/\/elcafedepipa.com\/index.php\/wp-json\/wp\/v2\/comments?post=8018"}],"version-history":[{"count":0,"href":"https:\/\/elcafedepipa.com\/index.php\/wp-json\/wp\/v2\/posts\/8018\/revisions"}],"wp:featuredmedia":[{"embeddable":true,"href":"https:\/\/elcafedepipa.com\/index.php\/wp-json\/wp\/v2\/media\/8019"}],"wp:attachment":[{"href":"https:\/\/elcafedepipa.com\/index.php\/wp-json\/wp\/v2\/media?parent=8018"}],"wp:term":[{"taxonomy":"category","embeddable":true,"href":"https:\/\/elcafedepipa.com\/index.php\/wp-json\/wp\/v2\/categories?post=8018"},{"taxonomy":"post_tag","embeddable":true,"href":"https:\/\/elcafedepipa.com\/index.php\/wp-json\/wp\/v2\/tags?post=8018"}],"curies":[{"name":"wp","href":"https:\/\/api.w.org\/{rel}","templated":true}]}}