{"id":8006,"date":"2024-11-10T11:57:09","date_gmt":"2024-11-10T10:57:09","guid":{"rendered":"https:\/\/elcafedepipa.com\/?p=8006"},"modified":"2024-11-10T11:57:11","modified_gmt":"2024-11-10T10:57:11","slug":"dilluns-es-posa-en-marxa-la-linia-dautobusos-que-connectara-la-platja-casablanca-amb-almenara","status":"publish","type":"post","link":"https:\/\/elcafedepipa.com\/index.php\/2024\/11\/10\/dilluns-es-posa-en-marxa-la-linia-dautobusos-que-connectara-la-platja-casablanca-amb-almenara\/","title":{"rendered":"Dilluns es posa en marxa la l\u00ednia d&#8217;autobusos que connectar\u00e0 la platja Casablanca amb Almenara."},"content":{"rendered":"\n<p>A partir del pr\u00f2xim dilluns es posar\u00e0 en marxa una l\u00ednia d&#8217;autob\u00fas de dilluns a divendres laborables que connectar\u00e0 la Platja Casablanca d&#8217;Almenara amb el nucli urb\u00e0 de la localitat. Aquesta l\u00ednia va ser demanada per l&#8217;Ajuntament d&#8217;Almenara a la Generalitat Valenciana, que \u00e9s qui la impulsa i la va aprovar en 2019, i que despr\u00e9s de molts tr\u00e0mits comen\u00e7ar\u00e0 dilluns que ve.<br>L&#8217;empresa Hicid ser\u00e0 l&#8217;encarregada de prestar el servei en la L\u00ednia 362, que aix\u00ed es denomina. Els autobusos eixiran del Carrer Calamocs, 35 de la Platja Casablanca a les 8.30 del mat\u00ed i des del Carrer de la Corona, 6 d&#8217;Almenara, a les 14 hores. Hi haur\u00e0 parada tant a l&#8217;anada com a la tornada en l\u2019Avinguda Pa\u00eds Valenci\u00e0. Aquest horari ser\u00e0 de dilluns a divendres laborables des del 16 de setembre al 30 de juny.<\/p>\n\n\n\n<p><br>A partir de l&#8217;1 de juliol i fins al 15 de setembre entrar\u00e0 en marxa l&#8217;horari d&#8217;estiu amb el mateix recorregut i de dilluns a divendres laborables, per\u00f2 amb les eixides invertides, \u00e9s a dir, l&#8217;eixida des d&#8217;Almenara ser\u00e0 a les 9 del mat\u00ed i des de la Platja Casablanca a les 13.45.<\/p>\n\n\n\n<p><br>L&#8217;alcaldessa d&#8217;Almenara, Est\u00edbaliz P\u00e9rez, ha destacat la \u201cimport\u00e0ncia d&#8217;aquesta l\u00ednia que connectar\u00e0 el nucli urb\u00e0 d&#8217;Almenara amb la Platja Casablanca, que facilitar\u00e0 el transport de viatgers i de viatgeres entre els dos nuclis, la qual cosa facilitar\u00e0 la mobilitat\u201d.<br>L&#8217;alcaldessa ha recordat que \u201caquesta l\u00ednia va ser una demanda de l&#8217;Ajuntament d&#8217;Almenara a la Generalitat Valenciana, que va ser atesa ja l&#8217;any 2019 en comunicar-nos que s&#8217;aprovava la creaci\u00f3 de la l\u00ednia, per a despr\u00e9s continuar des de la Generalitat amb nombrosos tr\u00e0mits que culminaran dilluns que ve amb l&#8217;inici del servei per part de l&#8217;empresa concession\u00e0ria, que \u00e9s Hicid\u201d.<\/p>\n","protected":false},"excerpt":{"rendered":"<p>A partir del pr\u00f2xim dilluns es posar\u00e0 en marxa una l\u00ednia d&#8217;autob\u00fas de dilluns a divendres laborables que connectar\u00e0 la Platja Casablanca d&#8217;Almenara amb el nucli urb\u00e0 de la localitat. Aquesta l\u00ednia va ser demanada per l&#8217;Ajuntament d&#8217;Almenara a la Generalitat Valenciana, que \u00e9s qui la impulsa i la va aprovar en 2019, i que &#8230; <a title=\"Dilluns es posa en marxa la l\u00ednia d&#8217;autobusos que connectar\u00e0 la platja Casablanca amb Almenara.\" class=\"read-more\" href=\"https:\/\/elcafedepipa.com\/index.php\/2024\/11\/10\/dilluns-es-posa-en-marxa-la-linia-dautobusos-que-connectara-la-platja-casablanca-amb-almenara\/\" aria-label=\"M\u00e9s informaci\u00f3 sobre Dilluns es posa en marxa la l\u00ednia d&#8217;autobusos que connectar\u00e0 la platja Casablanca amb Almenara.\">Read more<\/a><\/p>\n","protected":false},"author":2,"featured_media":8007,"comment_status":"closed","ping_status":"closed","sticky":false,"template":"","format":"standard","meta":{"om_disable_all_campaigns":false,"_monsterinsights_skip_tracking":false,"_monsterinsights_sitenote_active":false,"_monsterinsights_sitenote_note":"","_monsterinsights_sitenote_category":0,"_uf_show_specific_survey":0,"_uf_disable_surveys":false,"footnotes":""},"categories":[5],"tags":[],"class_list":["post-8006","post","type-post","status-publish","format-standard","has-post-thumbnail","hentry","category-almenara"],"_links":{"self":[{"href":"https:\/\/elcafedepipa.com\/index.php\/wp-json\/wp\/v2\/posts\/8006","targetHints":{"allow":["GET"]}}],"collection":[{"href":"https:\/\/elcafedepipa.com\/index.php\/wp-json\/wp\/v2\/posts"}],"about":[{"href":"https:\/\/elcafedepipa.com\/index.php\/wp-json\/wp\/v2\/types\/post"}],"author":[{"embeddable":true,"href":"https:\/\/elcafedepipa.com\/index.php\/wp-json\/wp\/v2\/users\/2"}],"replies":[{"embeddable":true,"href":"https:\/\/elcafedepipa.com\/index.php\/wp-json\/wp\/v2\/comments?post=8006"}],"version-history":[{"count":0,"href":"https:\/\/elcafedepipa.com\/index.php\/wp-json\/wp\/v2\/posts\/8006\/revisions"}],"wp:featuredmedia":[{"embeddable":true,"href":"https:\/\/elcafedepipa.com\/index.php\/wp-json\/wp\/v2\/media\/8007"}],"wp:attachment":[{"href":"https:\/\/elcafedepipa.com\/index.php\/wp-json\/wp\/v2\/media?parent=8006"}],"wp:term":[{"taxonomy":"category","embeddable":true,"href":"https:\/\/elcafedepipa.com\/index.php\/wp-json\/wp\/v2\/categories?post=8006"},{"taxonomy":"post_tag","embeddable":true,"href":"https:\/\/elcafedepipa.com\/index.php\/wp-json\/wp\/v2\/tags?post=8006"}],"curies":[{"name":"wp","href":"https:\/\/api.w.org\/{rel}","templated":true}]}}