{"id":8003,"date":"2024-11-10T11:52:54","date_gmt":"2024-11-10T10:52:54","guid":{"rendered":"https:\/\/elcafedepipa.com\/?p=8003"},"modified":"2024-11-10T11:52:56","modified_gmt":"2024-11-10T10:52:56","slug":"la-diputacio-de-castello-aprova-la-concessio-dajudes-per-valor-de-600-000-euros-a-67-entitats-vinculades-al-benestar-social-a-la-provincia","status":"publish","type":"post","link":"https:\/\/elcafedepipa.com\/index.php\/2024\/11\/10\/la-diputacio-de-castello-aprova-la-concessio-dajudes-per-valor-de-600-000-euros-a-67-entitats-vinculades-al-benestar-social-a-la-provincia\/","title":{"rendered":"La Diputaci\u00f3 de Castell\u00f3 aprova la concessi\u00f3 d&#8217;ajudes per valor de 600.000 euros a 67 entitats vinculades al benestar social a la prov\u00edncia"},"content":{"rendered":"\n<p>Estes ajudes perseguixen l&#8217;objectiu de fomentar l&#8217;associacionisme i el comprom\u00eds de la societat civil en processos de millora social especialment en mat\u00e8ria de salut i prevenci\u00f3, promoci\u00f3 de l&#8217;envelliment actiu, conciliaci\u00f3 familiar, educaci\u00f3 i inf\u00e0ncia i activitats socials. \u201cSom ac\u00ed perqu\u00e8 els recursos de la Diputaci\u00f3 estiguen destinats al que de veritat importa: atendre les necessitats dels ciutadans i estar al costat dels castellonencs amb ajudes reals i fermes\u201d.<\/p>\n\n\n\n<p>Aix\u00ed, la presidenta del Govern Provincial, Marta Barrachina, ha enaltit \u201cla incansable labor que realitzen les associacions socials\u201d, i ha incidit en qu\u00e8 \u201cel seu esfor\u00e7 \u00e9s incasable i desinteressat\u201d.<\/p>\n\n\n\n<p>Pel que, amb l&#8217;objectiu d&#8217;ajudar les entitats sectorials de Castell\u00f3 a fer el seu treball i desenvolupar iniciatives en mat\u00e8ria de salut i prevenci\u00f3, de promoci\u00f3 d&#8217;envelliment actiu, aix\u00ed com conciliaci\u00f3 familiar, educaci\u00f3 i inf\u00e0ncia, o qualsevol activitat social, la instituci\u00f3 provincial ha injectat un total de 600.000 euros a 67 associacions de la prov\u00edncia per a impulsar programes que beneficien als castellonencs.<\/p>\n\n\n\n<p>\u201cPer a la Diputaci\u00f3 de Castell\u00f3 la col\u00b7laboraci\u00f3 amb entitats sectorials \u00e9s un pilar fonamental i transversal, per aix\u00f2 concedim estes subvencions per al manteniment de desenvolupament de projectes de benestar social\u201d, ha subratllat la diputada de Benestar Social, Marisa Torl\u00e0.<\/p>\n\n\n\n<p>La prioritat de l&#8217;equip de Govern Provincial \u00e9s millorar la qualitat de vida dels castellonencs i en eixe cam\u00ed de progr\u00e9s social \u201cconcedim estes ajudes a les associacions socials perqu\u00e8 s\u00f3n precisament elles les que m\u00e9s necessiten de la nostra ajuda per a poder dur a terme la seua labor social\u201d, ha comentat la diputada provincial.<\/p>\n\n\n\n<p>Estes subvencions destinades a entitats sectorials de la prov\u00edncia per al manteniment i desenvolupament de projectes de Benestar Social, formen part de les accions plasmades en l&#8217;eix d&#8217;actuaci\u00f3 del pressupost 2024 que, sota el nom d&#8217;atenci\u00f3 directa a les persones, est\u00e0 dissenyat per a crear una base s\u00f2lida de benestar i progr\u00e9s en la vida de les persones i t\u00e9 l&#8217;objectiu de generar igualtat real, efectiva i solucions, prioritzant el suport a les persones, col\u00b7lectius i associacions m\u00e9s necessitades de la prov\u00edncia.<\/p>\n","protected":false},"excerpt":{"rendered":"<p>Estes ajudes perseguixen l&#8217;objectiu de fomentar l&#8217;associacionisme i el comprom\u00eds de la societat civil en processos de millora social especialment en mat\u00e8ria de salut i prevenci\u00f3, promoci\u00f3 de l&#8217;envelliment actiu, conciliaci\u00f3 familiar, educaci\u00f3 i inf\u00e0ncia i activitats socials. \u201cSom ac\u00ed perqu\u00e8 els recursos de la Diputaci\u00f3 estiguen destinats al que de veritat importa: atendre les &#8230; <a title=\"La Diputaci\u00f3 de Castell\u00f3 aprova la concessi\u00f3 d&#8217;ajudes per valor de 600.000 euros a 67 entitats vinculades al benestar social a la prov\u00edncia\" class=\"read-more\" href=\"https:\/\/elcafedepipa.com\/index.php\/2024\/11\/10\/la-diputacio-de-castello-aprova-la-concessio-dajudes-per-valor-de-600-000-euros-a-67-entitats-vinculades-al-benestar-social-a-la-provincia\/\" aria-label=\"M\u00e9s informaci\u00f3 sobre La Diputaci\u00f3 de Castell\u00f3 aprova la concessi\u00f3 d&#8217;ajudes per valor de 600.000 euros a 67 entitats vinculades al benestar social a la prov\u00edncia\">Read more<\/a><\/p>\n","protected":false},"author":2,"featured_media":8004,"comment_status":"closed","ping_status":"closed","sticky":false,"template":"","format":"standard","meta":{"om_disable_all_campaigns":false,"_monsterinsights_skip_tracking":false,"_monsterinsights_sitenote_active":false,"_monsterinsights_sitenote_note":"","_monsterinsights_sitenote_category":0,"_uf_show_specific_survey":0,"_uf_disable_surveys":false,"footnotes":""},"categories":[1],"tags":[],"class_list":["post-8003","post","type-post","status-publish","format-standard","has-post-thumbnail","hentry","category-non-classe"],"_links":{"self":[{"href":"https:\/\/elcafedepipa.com\/index.php\/wp-json\/wp\/v2\/posts\/8003","targetHints":{"allow":["GET"]}}],"collection":[{"href":"https:\/\/elcafedepipa.com\/index.php\/wp-json\/wp\/v2\/posts"}],"about":[{"href":"https:\/\/elcafedepipa.com\/index.php\/wp-json\/wp\/v2\/types\/post"}],"author":[{"embeddable":true,"href":"https:\/\/elcafedepipa.com\/index.php\/wp-json\/wp\/v2\/users\/2"}],"replies":[{"embeddable":true,"href":"https:\/\/elcafedepipa.com\/index.php\/wp-json\/wp\/v2\/comments?post=8003"}],"version-history":[{"count":0,"href":"https:\/\/elcafedepipa.com\/index.php\/wp-json\/wp\/v2\/posts\/8003\/revisions"}],"wp:featuredmedia":[{"embeddable":true,"href":"https:\/\/elcafedepipa.com\/index.php\/wp-json\/wp\/v2\/media\/8004"}],"wp:attachment":[{"href":"https:\/\/elcafedepipa.com\/index.php\/wp-json\/wp\/v2\/media?parent=8003"}],"wp:term":[{"taxonomy":"category","embeddable":true,"href":"https:\/\/elcafedepipa.com\/index.php\/wp-json\/wp\/v2\/categories?post=8003"},{"taxonomy":"post_tag","embeddable":true,"href":"https:\/\/elcafedepipa.com\/index.php\/wp-json\/wp\/v2\/tags?post=8003"}],"curies":[{"name":"wp","href":"https:\/\/api.w.org\/{rel}","templated":true}]}}