{"id":7999,"date":"2024-11-09T12:42:53","date_gmt":"2024-11-09T11:42:53","guid":{"rendered":"https:\/\/elcafedepipa.com\/?p=7999"},"modified":"2024-11-09T12:42:54","modified_gmt":"2024-11-09T11:42:54","slug":"lajuntament-de-la-vall-obri-el-proces-per-a-cobrir-en-propietat-6-places-dauxiliar-dadministracio","status":"publish","type":"post","link":"https:\/\/elcafedepipa.com\/index.php\/2024\/11\/09\/lajuntament-de-la-vall-obri-el-proces-per-a-cobrir-en-propietat-6-places-dauxiliar-dadministracio\/","title":{"rendered":"L&#8217;Ajuntament de la Vall obri el proc\u00e9s per a cobrir en propietat 6 places d&#8217;auxiliar d&#8217;administraci\u00f3"},"content":{"rendered":"\n<p>L&#8217;Ajuntament de la Vall d&#8217;Uix\u00f3 ha obert el termini per a cobrir en propietat per sistema d&#8217;oposici\u00f3 6 places d&#8217;auxiliar d&#8217;administraci\u00f3. Fins al 20 de novembre es pot presentar la sol\u00b7licitud telem\u00e0tica a trav\u00e9s de la seu electr\u00f2nica, adjuntant la declaraci\u00f3 responsable sobre el compliment dels requisits i el justificant de pagament de la taxa.<\/p>\n\n\n\n<p>La regidora de Recursos Humans, Zaida Moreno, ha explicat que el temari consta de 29 temes i que el proc\u00e9s per a cobrir com a funcionari\/a de carrera les 6 places constar\u00e0 de 3 exercicis: examen tipus test de 50 preguntes (eliminatori), exercici pr\u00e0ctic amb ordinador i exercici de traducci\u00f3 de text castell\u00e0-valenci\u00e0 i viceversa.<\/p>\n\n\n\n<p>Els requisits per a optar s\u00f3n tindre el graduat escolar, graduat ESO, t\u00edtol de t\u00e8cnic\/a mitj\u00e0 o equivalents. Les bases completes es poden consultar en: <a href=\"https:\/\/l.facebook.com\/l.php?u=https%3A%2F%2Fwww.lavallduixo.es%2Fes%2Foferta-de-empleo-publico%2Fconvocatoria-de-seis-plazas-en-propiedad-de-auxiliar-administrativoa%3Ffbclid%3DIwZXh0bgNhZW0CMTAAAR05c25kFSG1Zi77aTXImFdQhY8EGltz6Gj_PUBpWkLeCP53wNE6SpmGcds_aem_nOM_XM8oi3K1qS_eW6yfqQ&amp;h=AT1uL1IHnRzF0E1R8-6PCKGO6GFBGOl_NLJMF0q-XhOrhMZADCT5bbTD7G1VS502fX2_Ciq2B3e-GfZKWwuhAyRAHpyt9R3flnG48jzUtQqEaREaQyCBiE3KWLsjvvTysvY4NDuA2g&amp;__tn__=-UK-R&amp;c[0]=AT0CD_gYzWa-nehK2UmPSNhlwqaYwU0SBHYfkOXr-SGlNhKLNsebnsBI-XCyLWZamSoHtvYD57DXtdEwlaT3NOLs6CU2EaCFMmHCNQR7h8cK5YHK789hZIMmHAiSNIVyUGu-Lw4BRKKf779KyBZWwCF48KtZWMXAAZlEw3qZIwCOXOcz0cC2xOm97wij6LQvv6gQjOd612yv7yniMRWOAbimag\" target=\"_blank\" rel=\"noreferrer noopener\">https:\/\/www.lavallduixo.es\/&#8230;\/convocatoria-de-seis&#8230;<\/a>. La taxa \u00e9s de 24,65 euros amb bonificaci\u00f3 del 50% per minusvalidesa superior al 33% o per situaci\u00f3 de desocupaci\u00f3 de m\u00e9s de 12 mesos.<\/p>\n\n\n\n<p>Moreno ha detallat que este proc\u00e9s selectiu per oposici\u00f3 s&#8217;emmarca dins \u201cdel pla d&#8217;estabilitzaci\u00f3 del personal de l&#8217;Ajuntament\u201d pel qual el procediment estar\u00e0 acabat abans de final d&#8217;any per a \u201caconseguir reduir la temporalitat en l&#8217;ocupaci\u00f3 municipal al 8%\u201d. L&#8217;objectiu final \u00e9s prestar un millor servei i atenci\u00f3 a la ciutadania.<\/p>\n\n\n\n<p><\/p>\n","protected":false},"excerpt":{"rendered":"<p>L&#8217;Ajuntament de la Vall d&#8217;Uix\u00f3 ha obert el termini per a cobrir en propietat per sistema d&#8217;oposici\u00f3 6 places d&#8217;auxiliar d&#8217;administraci\u00f3. Fins al 20 de novembre es pot presentar la sol\u00b7licitud telem\u00e0tica a trav\u00e9s de la seu electr\u00f2nica, adjuntant la declaraci\u00f3 responsable sobre el compliment dels requisits i el justificant de pagament de la taxa. &#8230; <a title=\"L&#8217;Ajuntament de la Vall obri el proc\u00e9s per a cobrir en propietat 6 places d&#8217;auxiliar d&#8217;administraci\u00f3\" class=\"read-more\" href=\"https:\/\/elcafedepipa.com\/index.php\/2024\/11\/09\/lajuntament-de-la-vall-obri-el-proces-per-a-cobrir-en-propietat-6-places-dauxiliar-dadministracio\/\" aria-label=\"M\u00e9s informaci\u00f3 sobre L&#8217;Ajuntament de la Vall obri el proc\u00e9s per a cobrir en propietat 6 places d&#8217;auxiliar d&#8217;administraci\u00f3\">Read more<\/a><\/p>\n","protected":false},"author":2,"featured_media":8000,"comment_status":"closed","ping_status":"closed","sticky":false,"template":"","format":"standard","meta":{"om_disable_all_campaigns":false,"_monsterinsights_skip_tracking":false,"_monsterinsights_sitenote_active":false,"_monsterinsights_sitenote_note":"","_monsterinsights_sitenote_category":0,"_uf_show_specific_survey":0,"_uf_disable_surveys":false,"footnotes":""},"categories":[1],"tags":[],"class_list":["post-7999","post","type-post","status-publish","format-standard","has-post-thumbnail","hentry","category-non-classe"],"_links":{"self":[{"href":"https:\/\/elcafedepipa.com\/index.php\/wp-json\/wp\/v2\/posts\/7999","targetHints":{"allow":["GET"]}}],"collection":[{"href":"https:\/\/elcafedepipa.com\/index.php\/wp-json\/wp\/v2\/posts"}],"about":[{"href":"https:\/\/elcafedepipa.com\/index.php\/wp-json\/wp\/v2\/types\/post"}],"author":[{"embeddable":true,"href":"https:\/\/elcafedepipa.com\/index.php\/wp-json\/wp\/v2\/users\/2"}],"replies":[{"embeddable":true,"href":"https:\/\/elcafedepipa.com\/index.php\/wp-json\/wp\/v2\/comments?post=7999"}],"version-history":[{"count":0,"href":"https:\/\/elcafedepipa.com\/index.php\/wp-json\/wp\/v2\/posts\/7999\/revisions"}],"wp:featuredmedia":[{"embeddable":true,"href":"https:\/\/elcafedepipa.com\/index.php\/wp-json\/wp\/v2\/media\/8000"}],"wp:attachment":[{"href":"https:\/\/elcafedepipa.com\/index.php\/wp-json\/wp\/v2\/media?parent=7999"}],"wp:term":[{"taxonomy":"category","embeddable":true,"href":"https:\/\/elcafedepipa.com\/index.php\/wp-json\/wp\/v2\/categories?post=7999"},{"taxonomy":"post_tag","embeddable":true,"href":"https:\/\/elcafedepipa.com\/index.php\/wp-json\/wp\/v2\/tags?post=7999"}],"curies":[{"name":"wp","href":"https:\/\/api.w.org\/{rel}","templated":true}]}}