{"id":7965,"date":"2024-11-08T14:43:06","date_gmt":"2024-11-08T13:43:06","guid":{"rendered":"https:\/\/elcafedepipa.com\/?p=7965"},"modified":"2024-11-08T14:43:08","modified_gmt":"2024-11-08T13:43:08","slug":"el-pp-sollicita-a-lalcaldessa-de-la-vall-regular-el-transit-al-carrer-correos-per-a-evitar-els-problemes-provocats-per-lavaria-dels-semafors","status":"publish","type":"post","link":"https:\/\/elcafedepipa.com\/index.php\/2024\/11\/08\/el-pp-sollicita-a-lalcaldessa-de-la-vall-regular-el-transit-al-carrer-correos-per-a-evitar-els-problemes-provocats-per-lavaria-dels-semafors\/","title":{"rendered":"El PP sol\u00b7licita a l&#8217;alcaldessa de la Vall regular el tr\u00e0nsit al carrer Correos per a evitar els problemes provocats per l&#8217;avaria dels sem\u00e0fors"},"content":{"rendered":"\n<p>El Partit Popular de la Vall ha sol\u00b7licitat a l&#8217;alcaldessa corregir l&#8217;avaria que des de fa una setmana patixen els sem\u00e0fors del carrer Correos. Es tracta d&#8217;uns senyals \u201cmolt necessaris\u201d perqu\u00e8 regulen el pas rodat de vehicles en la zona centre i distribu\u00efxen el tr\u00e0nsit en els encreuaments dels carrers Garc\u00eda Esbr\u00ed i San Crist\u00f3bal.<\/p>\n\n\n\n<p>\u201cEls vehicles han d&#8217;avan\u00e7ar amb molta precauci\u00f3 per a evitar que es produ\u00efsquen abastos. Per a evitar-ho han d&#8217;endinsar-se en els encreuaments amb molta cautela i aix\u00ed poder avan\u00e7ar sense riscos\u201d. Marga Marco, regidora del PP en la localitat ha comparegut hui per a sol\u00b7licitar \u201cagilitat\u201d.<\/p>\n\n\n\n<p>\u201cEls residents de l&#8217;entorn d&#8217;estos encreuaments i ve\u00efns ens han transm\u00e9s els riscos que entenem que el consistori coneix i sobre els quals desitgem que atenga, per\u00f2 passada una setmana el que va comen\u00e7ar sent un comentari hui ja \u00e9s una queixa\u201d.<\/p>\n\n\n\n<p>En el PP consideren que \u201cmentres s&#8217;actua en la reparaci\u00f3 dels sem\u00e0fors seria oport\u00fa habilitar altres mesures de refor\u00e7 per a garantir la seguretat als usuaris de la via\u201d. Aix\u00ed mateix, \u201c\u00e9s necessari tindre en compte que pel fet que estos carrers s\u00f3n zones molt carregades de vianants, tamb\u00e9 a ells hem de protegir-los amb els advertiments que siguen oportunes, perqu\u00e8 la realitat \u00e9s que la situaci\u00f3 est\u00e0 creant inseguretat i molts problemes\u201d.<\/p>\n\n\n\n<p>En tot cas, \u201cen el PP demanem agilitat per a resoldre l&#8217;avaria\u201d i \u201ctraslladem les queixes ciutadanes per a fer una crida a l&#8217;equip de govern perqu\u00e8 el prioritari \u00e9s garantir a la poblaci\u00f3 la seguretat que mereixen els ve\u00efns\u201d, ha considerat Marco.<\/p>\n\n\n\n<p><strong>Pla de manteniment<\/strong><\/p>\n\n\n\n<p>El Partit Popular de la Vall d&#8217;Uix\u00f3 ha sol\u00b7licitat per registre a l&#8217;equip de govern copia del manteniment dels sem\u00e0fors de la ciutat. \u201cDesitgem con\u00e9ixer els temps, el protocol i les inspeccions peri\u00f2diques a les quals se sotmeten\u201d. \u201cVolem con\u00e9ixer els motius pels quals s&#8217;est\u00e0 demorant tant de temps la reparaci\u00f3 d&#8217;estos aparells\u201d, ha explicat Marco.<\/p>\n\n\n\n<p>Perqu\u00e8 la realitat, tal com ha considerat la regidora, \u201c\u00e9s que cada dia ens trobem a ve\u00efns que es queixen de la situaci\u00f3 d&#8217;aband\u00f3 en la qual es troben molts barris del nostre municipi. I l&#8217;objectiu ha de ser corregir esta situaci\u00f3 perqu\u00e8 el ciutad\u00e0 senta que els seus impostos servixen per a alguna cosa\u201d.<\/p>\n","protected":false},"excerpt":{"rendered":"<p>El Partit Popular de la Vall ha sol\u00b7licitat a l&#8217;alcaldessa corregir l&#8217;avaria que des de fa una setmana patixen els sem\u00e0fors del carrer Correos. Es tracta d&#8217;uns senyals \u201cmolt necessaris\u201d perqu\u00e8 regulen el pas rodat de vehicles en la zona centre i distribu\u00efxen el tr\u00e0nsit en els encreuaments dels carrers Garc\u00eda Esbr\u00ed i San Crist\u00f3bal. &#8230; <a title=\"El PP sol\u00b7licita a l&#8217;alcaldessa de la Vall regular el tr\u00e0nsit al carrer Correos per a evitar els problemes provocats per l&#8217;avaria dels sem\u00e0fors\" class=\"read-more\" href=\"https:\/\/elcafedepipa.com\/index.php\/2024\/11\/08\/el-pp-sollicita-a-lalcaldessa-de-la-vall-regular-el-transit-al-carrer-correos-per-a-evitar-els-problemes-provocats-per-lavaria-dels-semafors\/\" aria-label=\"M\u00e9s informaci\u00f3 sobre El PP sol\u00b7licita a l&#8217;alcaldessa de la Vall regular el tr\u00e0nsit al carrer Correos per a evitar els problemes provocats per l&#8217;avaria dels sem\u00e0fors\">Read more<\/a><\/p>\n","protected":false},"author":2,"featured_media":7966,"comment_status":"closed","ping_status":"closed","sticky":false,"template":"","format":"standard","meta":{"om_disable_all_campaigns":false,"_monsterinsights_skip_tracking":false,"_monsterinsights_sitenote_active":false,"_monsterinsights_sitenote_note":"","_monsterinsights_sitenote_category":0,"_uf_show_specific_survey":0,"_uf_disable_surveys":false,"footnotes":""},"categories":[1],"tags":[],"class_list":["post-7965","post","type-post","status-publish","format-standard","has-post-thumbnail","hentry","category-non-classe"],"_links":{"self":[{"href":"https:\/\/elcafedepipa.com\/index.php\/wp-json\/wp\/v2\/posts\/7965","targetHints":{"allow":["GET"]}}],"collection":[{"href":"https:\/\/elcafedepipa.com\/index.php\/wp-json\/wp\/v2\/posts"}],"about":[{"href":"https:\/\/elcafedepipa.com\/index.php\/wp-json\/wp\/v2\/types\/post"}],"author":[{"embeddable":true,"href":"https:\/\/elcafedepipa.com\/index.php\/wp-json\/wp\/v2\/users\/2"}],"replies":[{"embeddable":true,"href":"https:\/\/elcafedepipa.com\/index.php\/wp-json\/wp\/v2\/comments?post=7965"}],"version-history":[{"count":0,"href":"https:\/\/elcafedepipa.com\/index.php\/wp-json\/wp\/v2\/posts\/7965\/revisions"}],"wp:featuredmedia":[{"embeddable":true,"href":"https:\/\/elcafedepipa.com\/index.php\/wp-json\/wp\/v2\/media\/7966"}],"wp:attachment":[{"href":"https:\/\/elcafedepipa.com\/index.php\/wp-json\/wp\/v2\/media?parent=7965"}],"wp:term":[{"taxonomy":"category","embeddable":true,"href":"https:\/\/elcafedepipa.com\/index.php\/wp-json\/wp\/v2\/categories?post=7965"},{"taxonomy":"post_tag","embeddable":true,"href":"https:\/\/elcafedepipa.com\/index.php\/wp-json\/wp\/v2\/tags?post=7965"}],"curies":[{"name":"wp","href":"https:\/\/api.w.org\/{rel}","templated":true}]}}