{"id":7931,"date":"2024-11-07T13:59:14","date_gmt":"2024-11-07T12:59:14","guid":{"rendered":"https:\/\/elcafedepipa.com\/?p=7931"},"modified":"2024-11-07T13:59:16","modified_gmt":"2024-11-07T12:59:16","slug":"la-policia-local-dalmenara-canvia-els-cotxes-patrulla","status":"publish","type":"post","link":"https:\/\/elcafedepipa.com\/index.php\/2024\/11\/07\/la-policia-local-dalmenara-canvia-els-cotxes-patrulla\/","title":{"rendered":"La Policia local d&#8217;Almenara canvia els cotxes patrulla"},"content":{"rendered":"\n<p>La Policia Local d&#8217;Almenara compta des de hui amb dos nous cotxes patrulla per a exercir les seues tasques de vigil\u00e0ncia en la localitat en substituci\u00f3 dels que disposava fins al moment. Es tracta de dos Ford Focus h\u00edbrids que disposen de tot l&#8217;equipament necessari per a les labors policials.<\/p>\n\n\n\n<p>Els vehicles s&#8217;han adquirit a trav\u00e9s de la modalitat de r\u00e8nting a l&#8217;empresa Autocasi\u00f3n Cort\u00e9s, que ha avan\u00e7at el lliurament sense cost dels vehicles dues setmanes per a permetre que un dels cotxes patrulla que tenia fins al moment la Policia Local d&#8217;Almenara se cedisca fins a finals de mes a la Policia Local d&#8217;Aldaia, que no disposa de vehicles despr\u00e9s de les inundacions provocades per la Dana.<\/p>\n\n\n\n<p>L&#8217;alcaldessa d&#8217;Almenara, Est\u00edbaliz P\u00e9rez, ha assenyalat que \u201cen finalitzar el r\u00e8nting que ten\u00edem fins al moment, hem decidit apostar per un nou r\u00e8nting substituint els cotxes patrulla que ten\u00edem i renovant el parc m\u00f2bil de la Policia Local d&#8217;Almenara per a modernitzar-lo, guanyar en operativitat i a m\u00e9s apostar per models h\u00edbrids que redueixen tant el consum, com les emissions\u201d. L&#8217;alcaldessa ha recordat que \u201cgradualment anem renovant i incorporant nou material per a les tasques de vigil\u00e0ncia i seguretat que duen a terme els i les nostres agents\u201d.<\/p>\n","protected":false},"excerpt":{"rendered":"<p>La Policia Local d&#8217;Almenara compta des de hui amb dos nous cotxes patrulla per a exercir les seues tasques de vigil\u00e0ncia en la localitat en substituci\u00f3 dels que disposava fins al moment. Es tracta de dos Ford Focus h\u00edbrids que disposen de tot l&#8217;equipament necessari per a les labors policials. Els vehicles s&#8217;han adquirit a &#8230; <a title=\"La Policia local d&#8217;Almenara canvia els cotxes patrulla\" class=\"read-more\" href=\"https:\/\/elcafedepipa.com\/index.php\/2024\/11\/07\/la-policia-local-dalmenara-canvia-els-cotxes-patrulla\/\" aria-label=\"M\u00e9s informaci\u00f3 sobre La Policia local d&#8217;Almenara canvia els cotxes patrulla\">Read more<\/a><\/p>\n","protected":false},"author":2,"featured_media":7932,"comment_status":"closed","ping_status":"closed","sticky":false,"template":"","format":"standard","meta":{"om_disable_all_campaigns":false,"_monsterinsights_skip_tracking":false,"_monsterinsights_sitenote_active":false,"_monsterinsights_sitenote_note":"","_monsterinsights_sitenote_category":0,"_uf_show_specific_survey":0,"_uf_disable_surveys":false,"footnotes":""},"categories":[5],"tags":[],"class_list":["post-7931","post","type-post","status-publish","format-standard","has-post-thumbnail","hentry","category-almenara"],"_links":{"self":[{"href":"https:\/\/elcafedepipa.com\/index.php\/wp-json\/wp\/v2\/posts\/7931","targetHints":{"allow":["GET"]}}],"collection":[{"href":"https:\/\/elcafedepipa.com\/index.php\/wp-json\/wp\/v2\/posts"}],"about":[{"href":"https:\/\/elcafedepipa.com\/index.php\/wp-json\/wp\/v2\/types\/post"}],"author":[{"embeddable":true,"href":"https:\/\/elcafedepipa.com\/index.php\/wp-json\/wp\/v2\/users\/2"}],"replies":[{"embeddable":true,"href":"https:\/\/elcafedepipa.com\/index.php\/wp-json\/wp\/v2\/comments?post=7931"}],"version-history":[{"count":0,"href":"https:\/\/elcafedepipa.com\/index.php\/wp-json\/wp\/v2\/posts\/7931\/revisions"}],"wp:featuredmedia":[{"embeddable":true,"href":"https:\/\/elcafedepipa.com\/index.php\/wp-json\/wp\/v2\/media\/7932"}],"wp:attachment":[{"href":"https:\/\/elcafedepipa.com\/index.php\/wp-json\/wp\/v2\/media?parent=7931"}],"wp:term":[{"taxonomy":"category","embeddable":true,"href":"https:\/\/elcafedepipa.com\/index.php\/wp-json\/wp\/v2\/categories?post=7931"},{"taxonomy":"post_tag","embeddable":true,"href":"https:\/\/elcafedepipa.com\/index.php\/wp-json\/wp\/v2\/tags?post=7931"}],"curies":[{"name":"wp","href":"https:\/\/api.w.org\/{rel}","templated":true}]}}