{"id":7925,"date":"2024-11-07T13:47:09","date_gmt":"2024-11-07T12:47:09","guid":{"rendered":"https:\/\/elcafedepipa.com\/?p=7925"},"modified":"2024-11-07T13:47:11","modified_gmt":"2024-11-07T12:47:11","slug":"el-pspv-ressalta-el-compromis-del-govern-amb-el-litoral-de-castello-amb-el-desbloqueig-duna-desena-de-projectes-i-21-milions-per-a-acabar-amb-la-regressio-marina","status":"publish","type":"post","link":"https:\/\/elcafedepipa.com\/index.php\/2024\/11\/07\/el-pspv-ressalta-el-compromis-del-govern-amb-el-litoral-de-castello-amb-el-desbloqueig-duna-desena-de-projectes-i-21-milions-per-a-acabar-amb-la-regressio-marina\/","title":{"rendered":"El PSPV ressalta el comprom\u00eds del Govern amb el litoral de Castell\u00f3 amb el desbloqueig d&#8217;una desena de projectes i 21 milions per a acabar amb la regressi\u00f3 marina"},"content":{"rendered":"\n<p>El secretari general, Samuel Falomir, es refereix aix\u00ed al treball realitzat en els \u00faltims cinc anys en qu\u00e8 \u201cs&#8217;han desbloquejat una desena de projectes i destinat ja 10 milions d&#8217;euros a la recuperaci\u00f3 costanera, una xifra que assolir\u00e0 els 21 milions una volta concloguen les obres d&#8217;estabilitzaci\u00f3 a Moncofa que s&#8217;han licitat aquesta mateixa setmana\u201d.<\/p>\n\n\n\n<p>En paraules de Falomir, \u201caquesta \u00e9s la prova del comprom\u00eds del president S\u00e1nchez amb Castell\u00f3 per a acabar amb la regressi\u00f3 de les platges i els perjudicis econ\u00f2mics, socials i mediambientals que genera\u201d. \u201cUn canvi de xip respecte a la pol\u00edtica de costes del PP, que es pot resumir en zero euros per a projectes permanents i el malbaratament de milers i milers d&#8217;euros en \u2018parxes\u2019 que desapareixien cada volta que un temporal s&#8217;engolia les platges de Castell\u00f3\u201d.<\/p>\n\n\n\n<p>El cap dels socialistes subratlla que, amb el PSOE, s&#8217;estan implementat \u201csolucions duradores\u201d i posa com a exemple les obres ja finalitzades a la platja de les Marines de Nules, Almenara, Vinar\u00f2s i Benicarl\u00f3. \u201cA m\u00e9s dels projectes en marxa per a Xilxes i Borriana, amb una inversi\u00f3 de set milions d&#8217;euros\u201d. La recent licitaci\u00f3 del projecte d&#8217;estabilitzaci\u00f3 a Moncofa ascendeix a 11 milions d&#8217;euros.<\/p>\n\n\n\n<p>\u201cAmb totes aquestes actuacions al llarg de la costa de Castell\u00f3, el Partit Socialista compleix no nom\u00e9s un comprom\u00eds electoral, sin\u00f3 una responsabilitat moral per a preservar el nostre litoral com a font de riquesa i aposta pel futur de les nostres comarques\u201d, afirma Falomir. \u201cEls fets avalen les nostres paraules\u201d, finalitza Falomir.<\/p>\n\n\n\n<p><\/p>\n","protected":false},"excerpt":{"rendered":"<p>El secretari general, Samuel Falomir, es refereix aix\u00ed al treball realitzat en els \u00faltims cinc anys en qu\u00e8 \u201cs&#8217;han desbloquejat una desena de projectes i destinat ja 10 milions d&#8217;euros a la recuperaci\u00f3 costanera, una xifra que assolir\u00e0 els 21 milions una volta concloguen les obres d&#8217;estabilitzaci\u00f3 a Moncofa que s&#8217;han licitat aquesta mateixa setmana\u201d. &#8230; <a title=\"El PSPV ressalta el comprom\u00eds del Govern amb el litoral de Castell\u00f3 amb el desbloqueig d&#8217;una desena de projectes i 21 milions per a acabar amb la regressi\u00f3 marina\" class=\"read-more\" href=\"https:\/\/elcafedepipa.com\/index.php\/2024\/11\/07\/el-pspv-ressalta-el-compromis-del-govern-amb-el-litoral-de-castello-amb-el-desbloqueig-duna-desena-de-projectes-i-21-milions-per-a-acabar-amb-la-regressio-marina\/\" aria-label=\"M\u00e9s informaci\u00f3 sobre El PSPV ressalta el comprom\u00eds del Govern amb el litoral de Castell\u00f3 amb el desbloqueig d&#8217;una desena de projectes i 21 milions per a acabar amb la regressi\u00f3 marina\">Read more<\/a><\/p>\n","protected":false},"author":2,"featured_media":7926,"comment_status":"open","ping_status":"open","sticky":false,"template":"","format":"standard","meta":{"om_disable_all_campaigns":false,"_monsterinsights_skip_tracking":false,"_monsterinsights_sitenote_active":false,"_monsterinsights_sitenote_note":"","_monsterinsights_sitenote_category":0,"_uf_show_specific_survey":0,"_uf_disable_surveys":false,"footnotes":""},"categories":[10],"tags":[],"class_list":["post-7925","post","type-post","status-publish","format-standard","has-post-thumbnail","hentry","category-provinciadecastello"],"_links":{"self":[{"href":"https:\/\/elcafedepipa.com\/index.php\/wp-json\/wp\/v2\/posts\/7925","targetHints":{"allow":["GET"]}}],"collection":[{"href":"https:\/\/elcafedepipa.com\/index.php\/wp-json\/wp\/v2\/posts"}],"about":[{"href":"https:\/\/elcafedepipa.com\/index.php\/wp-json\/wp\/v2\/types\/post"}],"author":[{"embeddable":true,"href":"https:\/\/elcafedepipa.com\/index.php\/wp-json\/wp\/v2\/users\/2"}],"replies":[{"embeddable":true,"href":"https:\/\/elcafedepipa.com\/index.php\/wp-json\/wp\/v2\/comments?post=7925"}],"version-history":[{"count":0,"href":"https:\/\/elcafedepipa.com\/index.php\/wp-json\/wp\/v2\/posts\/7925\/revisions"}],"wp:featuredmedia":[{"embeddable":true,"href":"https:\/\/elcafedepipa.com\/index.php\/wp-json\/wp\/v2\/media\/7926"}],"wp:attachment":[{"href":"https:\/\/elcafedepipa.com\/index.php\/wp-json\/wp\/v2\/media?parent=7925"}],"wp:term":[{"taxonomy":"category","embeddable":true,"href":"https:\/\/elcafedepipa.com\/index.php\/wp-json\/wp\/v2\/categories?post=7925"},{"taxonomy":"post_tag","embeddable":true,"href":"https:\/\/elcafedepipa.com\/index.php\/wp-json\/wp\/v2\/tags?post=7925"}],"curies":[{"name":"wp","href":"https:\/\/api.w.org\/{rel}","templated":true}]}}