{"id":7889,"date":"2024-11-06T15:10:07","date_gmt":"2024-11-06T14:10:07","guid":{"rendered":"https:\/\/elcafedepipa.com\/?p=7889"},"modified":"2024-11-06T15:10:09","modified_gmt":"2024-11-06T14:10:09","slug":"nules-habilita-un-nou-punt-de-recollida-de-material-per-a-les-persones-damnificades-per-la-dana","status":"publish","type":"post","link":"https:\/\/elcafedepipa.com\/index.php\/2024\/11\/06\/nules-habilita-un-nou-punt-de-recollida-de-material-per-a-les-persones-damnificades-per-la-dana\/","title":{"rendered":"Nules habilita un nou punt de recollida de material per a les persones damnificades per la Dana"},"content":{"rendered":"\n<p><strong>Envia sis furgons amb productes a diferents poblacions afectades<\/strong><\/p>\n\n\n\n<p>Davant la gran resposta de la ciutadania de Nules a la convocat\u00f2ria feta per l\u2019Ajuntament de Nules, dilluns 4 de novembre, per a la recollida d\u2019ajuda humanit\u00e0ria per a les persones afectades per la DANA, des del consistori s&#8217;ha habilitat un nou punt de recollida de material.<\/p>\n\n\n\n<p>En aquest sentit, des de hui dimecres les persones interessades poden anar a l\u2019edifici de Serveis Socials, ubicat al carrer de Santa Nat\u00e0lia, en horari&nbsp; de 9 a 14 hores. De manera que, des de la regidoria de Serveis Socials s\u2019assenyala que seguint les recomanacions establertes per les institucions competents i vistes tamb\u00e9 les necessitats de les persones afectades sols s\u2019acceptaran articles de neteja, aliments sense gluten per a persones cel\u00edaques, productes no peribles sense sucre&nbsp; per a persones diab\u00e8tiques, aliments no peribles com ara llet, conserves, llegums, pasta o galetes, aliments i bolquers per a nadons, protectors&nbsp; i bolquers per a gent gran , mitjons, o botes d\u2019aigua.<\/p>\n\n\n\n<p>Davant a\u00e7\u00f2, el regidor de Serveis Socials, Ram\u00f3n Mart\u00ednez, comenta que \u201cla resposta de la ciutadania de Nules ha estat exemplar, per tant hem decidit habilitar un nou punt de recollida en el qual es recolliran productes i material que el ve\u00efnat de la zona afectada per la DANA m\u00e9s necessite\u201d.<\/p>\n\n\n\n<p>Aix\u00ed doncs, cal destacar que Nules ha enviat ja sis furgons amb productes i material a diferents poblacions afectades per la cat\u00e0strofe, principalment a Aldaia. &nbsp;<\/p>\n\n\n\n<p>En la recollida de productes han col\u00b7laborat tamb\u00e9 empreses i entitats com ara Grupo Pe\u00f1afiel, la Caixa Rural de Nules, la Cooperativa Agr\u00edcola Sant Josep de Nules, Granados Monlle\u00f3, o Prokinsa. No obstant aix\u00f2, Ram\u00f3n Mart\u00ednez, agraeix tamb\u00e9 la tasca desenvolupada en la recollida de materials pel personal voluntari de la localitat.<\/p>\n\n\n\n<p>Per altra banda, tamb\u00e9 s\u2019han despla\u00e7at a les localitats afectades personal de la brigada municipal de l\u2019Ajuntament de Nules amb el regidor de l\u2019\u00e0rea, Ram\u00f3n Lucas; agents de la Policia Local; i Protecci\u00f3 Civil de Nules. &nbsp;<\/p>\n\n\n\n<p>En concret, fins un total de nou persones de la Brigada Municipal i el regidor es troben treballant a Picanya portant a terme tasques de trasllat d\u2019estris als abocadors i de buidatge d\u2019aigua de soterranis, a m\u00e9s tamb\u00e9 se\u2019ls ha assignat una zona on el regidor de la Brigada Municipal de Nules coordina la maquin\u00e0ria que es troba treballant.<\/p>\n","protected":false},"excerpt":{"rendered":"<p>Envia sis furgons amb productes a diferents poblacions afectades Davant la gran resposta de la ciutadania de Nules a la convocat\u00f2ria feta per l\u2019Ajuntament de Nules, dilluns 4 de novembre, per a la recollida d\u2019ajuda humanit\u00e0ria per a les persones afectades per la DANA, des del consistori s&#8217;ha habilitat un nou punt de recollida de &#8230; <a title=\"Nules habilita un nou punt de recollida de material per a les persones damnificades per la Dana\" class=\"read-more\" href=\"https:\/\/elcafedepipa.com\/index.php\/2024\/11\/06\/nules-habilita-un-nou-punt-de-recollida-de-material-per-a-les-persones-damnificades-per-la-dana\/\" aria-label=\"M\u00e9s informaci\u00f3 sobre Nules habilita un nou punt de recollida de material per a les persones damnificades per la Dana\">Read more<\/a><\/p>\n","protected":false},"author":2,"featured_media":7890,"comment_status":"closed","ping_status":"closed","sticky":false,"template":"","format":"standard","meta":{"om_disable_all_campaigns":false,"_monsterinsights_skip_tracking":false,"_monsterinsights_sitenote_active":false,"_monsterinsights_sitenote_note":"","_monsterinsights_sitenote_category":0,"_uf_show_specific_survey":0,"_uf_disable_surveys":false,"footnotes":""},"categories":[3],"tags":[],"class_list":["post-7889","post","type-post","status-publish","format-standard","has-post-thumbnail","hentry","category-nules"],"_links":{"self":[{"href":"https:\/\/elcafedepipa.com\/index.php\/wp-json\/wp\/v2\/posts\/7889","targetHints":{"allow":["GET"]}}],"collection":[{"href":"https:\/\/elcafedepipa.com\/index.php\/wp-json\/wp\/v2\/posts"}],"about":[{"href":"https:\/\/elcafedepipa.com\/index.php\/wp-json\/wp\/v2\/types\/post"}],"author":[{"embeddable":true,"href":"https:\/\/elcafedepipa.com\/index.php\/wp-json\/wp\/v2\/users\/2"}],"replies":[{"embeddable":true,"href":"https:\/\/elcafedepipa.com\/index.php\/wp-json\/wp\/v2\/comments?post=7889"}],"version-history":[{"count":0,"href":"https:\/\/elcafedepipa.com\/index.php\/wp-json\/wp\/v2\/posts\/7889\/revisions"}],"wp:featuredmedia":[{"embeddable":true,"href":"https:\/\/elcafedepipa.com\/index.php\/wp-json\/wp\/v2\/media\/7890"}],"wp:attachment":[{"href":"https:\/\/elcafedepipa.com\/index.php\/wp-json\/wp\/v2\/media?parent=7889"}],"wp:term":[{"taxonomy":"category","embeddable":true,"href":"https:\/\/elcafedepipa.com\/index.php\/wp-json\/wp\/v2\/categories?post=7889"},{"taxonomy":"post_tag","embeddable":true,"href":"https:\/\/elcafedepipa.com\/index.php\/wp-json\/wp\/v2\/tags?post=7889"}],"curies":[{"name":"wp","href":"https:\/\/api.w.org\/{rel}","templated":true}]}}