{"id":7864,"date":"2024-11-06T13:18:56","date_gmt":"2024-11-06T12:18:56","guid":{"rendered":"https:\/\/elcafedepipa.com\/?p=7864"},"modified":"2024-11-06T13:19:04","modified_gmt":"2024-11-06T12:19:04","slug":"la-primera-fase-de-les-obres-del-segon-pavello-poliesportiu-de-la-vall-duixo-avanca-segons-el-previst","status":"publish","type":"post","link":"https:\/\/elcafedepipa.com\/index.php\/2024\/11\/06\/la-primera-fase-de-les-obres-del-segon-pavello-poliesportiu-de-la-vall-duixo-avanca-segons-el-previst\/","title":{"rendered":"La primera fase de les obres del segon pavell\u00f3 poliesportiu de la Vall d\u2019Uix\u00f3 avan\u00e7a segons el previst"},"content":{"rendered":"\n<p class=\"wp-block-paragraph\">La primera fase que s&#8217;est\u00e0 fent consisteix en la demolici\u00f3, excavaci\u00f3, preparaci\u00f3 del terreny, fonamentaci\u00f3 i construcci\u00f3 i consolidaci\u00f3 de l&#8217;estructura de murs i forjats. La previsi\u00f3 \u00e9s que aquests treballs estiguen acabats a finals del mes de febrer.<\/p>\n\n\n\n<p class=\"wp-block-paragraph\">L&#8217;alcaldessa, Tania Ba\u00f1os, i el regidor d&#8217;Urbanisme, Vicente Pitarch, han fet aquest mat\u00ed una visita de treball per con\u00e8ixer l&#8217;estat de les obres \u201ci explicar-ho a la ciutadania per rendici\u00f3 de comptes i de transpar\u00e8ncia\u201d. Mentre es fa la primera fase, des de l&#8217;oficina t\u00e8cnica ja s&#8217;est\u00e0 ultimant el proc\u00e9s de licitaci\u00f3 de la segona, que es far\u00e0 \u201camb recursos propis i tindr\u00e0 una duraci\u00f3 de 14 mesos\u201d, han assenyalat.<\/p>\n\n\n\n<p class=\"wp-block-paragraph\">La inversi\u00f3 total en aquesta infraestructura \u00e9s m\u00e9s de tres milions d&#8217;euros. El disseny \u00e9s funcional i modern i integrar\u00e0 la part esportiva amb l&#8217;exterior. A m\u00e9s de la pista i la grada, tamb\u00e9 hi haur\u00e0 una sala multiusos i zones de vestidors, magatzem i despatxos. Amb aquest nou pavell\u00f3 \u201cpodrem donar millor cobertura tant als clubs com a les iniciatives esportives municipals\u201d.<\/p>\n\n\n\n<p class=\"wp-block-paragraph\">La grada es construir\u00e0 de manera que aprofite el desnivell de la parcel\u00b7la i se&#8217;n garantir\u00e0 la total accessibilitat a les persones amb mobilitat redu\u00efda tant a la pista per practicar esport adaptat com a la resta de les instal\u00b7lacions. L&#8217;edifici tamb\u00e9 ser\u00e0 sostenible mitjan\u00e7ant la instal\u00b7laci\u00f3 de plaques fotovoltaiques \u201cperqu\u00e8 es puga autosubministrar energia per al seu funcionament habitual\u201d, han remarcat.<\/p>\n\n\n\n<p class=\"wp-block-paragraph\">L&#8217;alcaldessa ha valorat que \u201caltres municipis tenen dos pavellons des de fa molt de temps i la Vall s&#8217;havia quedat endarrerida\u201d. Per aix\u00f2, \u201chem treballat molt per arribar fins ac\u00ed, assumint una reivindicaci\u00f3 del m\u00f3n esportiu local des de fa m\u00e9s de 30 anys\u201d, ha assegurat. L&#8217;inici de la construcci\u00f3 ha estat possible \u00abgr\u00e0cies a qu\u00e8 hem posat ordre al contracte amb l&#8217;empresa que presta el servei de recollida de residus i neteja vi\u00e0ria\u00bb.<\/p>\n\n\n\n<p class=\"wp-block-paragraph\">En aquest sentit, l&#8217;Ajuntament ha aconseguit \u201crecuperar 700.000 euros que el govern anterior va pagar a l&#8217;empresa per serveis no prestats, renovar els vehicles i maquin\u00e0ria i fer complir la millora que els obligava a destinar un mili\u00f3 d&#8217;euros a la construcci\u00f3 d&#8217;aquest segon poliesportiu\u201d. La resta d\u201finversi\u00f3 l\u201fassumir\u00e0 l\u201fAjuntament amb fons propis.<\/p>\n\n\n\n<p class=\"wp-block-paragraph\"><\/p>\n","protected":false},"excerpt":{"rendered":"<p>La primera fase que s&#8217;est\u00e0 fent consisteix en la demolici\u00f3, excavaci\u00f3, preparaci\u00f3 del terreny, fonamentaci\u00f3 i construcci\u00f3 i consolidaci\u00f3 de l&#8217;estructura de murs i forjats. La previsi\u00f3 \u00e9s que aquests treballs estiguen acabats a finals del mes de febrer. L&#8217;alcaldessa, Tania Ba\u00f1os, i el regidor d&#8217;Urbanisme, Vicente Pitarch, han fet aquest mat\u00ed una visita de &#8230; <a title=\"La primera fase de les obres del segon pavell\u00f3 poliesportiu de la Vall d\u2019Uix\u00f3 avan\u00e7a segons el previst\" class=\"read-more\" href=\"https:\/\/elcafedepipa.com\/index.php\/2024\/11\/06\/la-primera-fase-de-les-obres-del-segon-pavello-poliesportiu-de-la-vall-duixo-avanca-segons-el-previst\/\" aria-label=\"M\u00e9s informaci\u00f3 sobre La primera fase de les obres del segon pavell\u00f3 poliesportiu de la Vall d\u2019Uix\u00f3 avan\u00e7a segons el previst\">Read more<\/a><\/p>\n","protected":false},"author":2,"featured_media":7865,"comment_status":"closed","ping_status":"closed","sticky":false,"template":"","format":"standard","meta":{"om_disable_all_campaigns":false,"_monsterinsights_skip_tracking":false,"_uf_show_specific_survey":0,"_uf_disable_surveys":false,"slim_seo":{"title":"La primera fase de les obres del segon pavell\u00f3 poliesportiu de la Vall d\u2019Uix\u00f3 avan\u00e7a segons el previst - El caf\u00e9 de Pipa","description":"La primera fase que s'est\u00e0 fent consisteix en la demolici\u00f3, excavaci\u00f3, preparaci\u00f3 del terreny, fonamentaci\u00f3 i construcci\u00f3 i consolidaci\u00f3 de l'estructura de murs"},"footnotes":""},"categories":[1],"tags":[],"ppma_author":[74],"class_list":["post-7864","post","type-post","status-publish","format-standard","has-post-thumbnail","hentry","category-non-classe"],"distributor_meta":false,"distributor_terms":false,"distributor_media":false,"distributor_original_site_name":"El caf\u00e9 de Pipa","distributor_original_site_url":"https:\/\/elcafedepipa.com","push-errors":false,"authors":[{"term_id":74,"user_id":2,"is_guest":0,"slug":"radiolavallduixo","display_name":"Vicent Arnau Forner","avatar_url":"https:\/\/secure.gravatar.com\/avatar\/26a27d13d194fc3b4d2a7a933a63466fa1af911ef6eac8a107691f6aeb82d442?s=96&d=mm&r=g","author_category":"","first_name":"ecdp","last_name":"","user_url":"http:\/\/www.elcafedepipa.com","job_title":"","description":""}],"_links":{"self":[{"href":"https:\/\/elcafedepipa.com\/index.php\/wp-json\/wp\/v2\/posts\/7864","targetHints":{"allow":["GET"]}}],"collection":[{"href":"https:\/\/elcafedepipa.com\/index.php\/wp-json\/wp\/v2\/posts"}],"about":[{"href":"https:\/\/elcafedepipa.com\/index.php\/wp-json\/wp\/v2\/types\/post"}],"author":[{"embeddable":true,"href":"https:\/\/elcafedepipa.com\/index.php\/wp-json\/wp\/v2\/users\/2"}],"replies":[{"embeddable":true,"href":"https:\/\/elcafedepipa.com\/index.php\/wp-json\/wp\/v2\/comments?post=7864"}],"version-history":[{"count":0,"href":"https:\/\/elcafedepipa.com\/index.php\/wp-json\/wp\/v2\/posts\/7864\/revisions"}],"wp:featuredmedia":[{"embeddable":true,"href":"https:\/\/elcafedepipa.com\/index.php\/wp-json\/wp\/v2\/media\/7865"}],"wp:attachment":[{"href":"https:\/\/elcafedepipa.com\/index.php\/wp-json\/wp\/v2\/media?parent=7864"}],"wp:term":[{"taxonomy":"category","embeddable":true,"href":"https:\/\/elcafedepipa.com\/index.php\/wp-json\/wp\/v2\/categories?post=7864"},{"taxonomy":"post_tag","embeddable":true,"href":"https:\/\/elcafedepipa.com\/index.php\/wp-json\/wp\/v2\/tags?post=7864"},{"taxonomy":"author","embeddable":true,"href":"https:\/\/elcafedepipa.com\/index.php\/wp-json\/wp\/v2\/ppma_author?post=7864"}],"curies":[{"name":"wp","href":"https:\/\/api.w.org\/{rel}","templated":true}]}}