{"id":7814,"date":"2024-11-05T15:15:54","date_gmt":"2024-11-05T14:15:54","guid":{"rendered":"https:\/\/elcafedepipa.com\/?p=7814"},"modified":"2024-11-05T15:15:55","modified_gmt":"2024-11-05T14:15:55","slug":"la-unio-llanca-una-campanya-de-donacions-per-a-ajudar-als-llauradors-i-ramaders-afectats-per-la-dana","status":"publish","type":"post","link":"https:\/\/elcafedepipa.com\/index.php\/2024\/11\/05\/la-unio-llanca-una-campanya-de-donacions-per-a-ajudar-als-llauradors-i-ramaders-afectats-per-la-dana\/","title":{"rendered":"LA UNI\u00d3 llan\u00e7a una campanya de donacions per a ajudar als llauradors i ramaders afectats per la DANA"},"content":{"rendered":"\n<p>La Uni\u00f3 Llauradora i Ramadera llan\u00e7a des de hui una campanya de recollida de donacions perqu\u00e8 les persones llauradores i ramaderes afectades per la DANA puguen recuperar-se i seguir avant amb les seues explotacions agr\u00e0ries.<\/p>\n\n\n\n<p>Per a aix\u00f2 ha habilitat un compte corrent solidari de Caixa Popular:&nbsp;<strong>ES2931590079132531713424<\/strong>&nbsp;perqu\u00e8 es puguen realitzar aquestes donacions mitjan\u00e7ant transfer\u00e8ncia banc\u00e0ria i, per a facilitar l\u2019ajuda, tamb\u00e9 un n\u00famero de Bizum associat a aquesta:&nbsp;<strong>10519<\/strong>.<\/p>\n\n\n\n<figure class=\"wp-block-image size-full\"><img fetchpriority=\"high\" decoding=\"async\" width=\"724\" height=\"1024\" src=\"https:\/\/elcafedepipa.com\/wp-content\/uploads\/2024\/11\/unio2.png\" alt=\"\" class=\"wp-image-7815\" srcset=\"https:\/\/elcafedepipa.com\/wp-content\/uploads\/2024\/11\/unio2.png 724w, https:\/\/elcafedepipa.com\/wp-content\/uploads\/2024\/11\/unio2-212x300.png 212w\" sizes=\"(max-width: 724px) 100vw, 724px\" \/><\/figure>\n\n\n\n<p>LA UNI\u00d3 recorda que la DANA tamb\u00e9 ha devastat camps i granges de nombrosos llauradors i ramaders, deixant-los sense collites, sense cultius, amb maquin\u00e0ria danyada i infraestructures totalment destrossades.<\/p>\n\n\n\n<p>L\u2019organitzaci\u00f3 agr\u00e0ria estatal en la qual s\u2019integra LA UNI\u00d3, la Uni\u00f3n de Uniones, amb totes les seues organitzacions territorials al capdavant, tamb\u00e9 col\u00b7labora en aquesta iniciativa i suma esfor\u00e7os per a arreplegar fons i destinar-los a aquesta causa.&nbsp;<\/p>\n\n\n\n<p>D\u2019altra banda, la Uni\u00f3 Llauradora i Ramadera continua col\u00b7laborant amb tractors i pales de les seues persones associades en diverses zones afectades per la DANA per a ajudar en totes aquelles tasques en la qual se\u2019ls requereix, com \u00e9s per exemple llevar el fang i apartar cotxes per a buidar carrers i carreteres. Una part de les donacions anir\u00e0 aix\u00ed mateix destinada a sufragar les despeses del gasoil emprat pels tractoristes en aquesta tasca.<\/p>\n\n\n\n<p>L\u2019organitzaci\u00f3 ha posat aix\u00ed a la disposici\u00f3 d\u2019Administracions, Ajuntaments i persones afectades tots els mitjans al seu abast per a col\u00b7laborar en la mesura de les seues possibilitats en la minimitzaci\u00f3 dels danys d\u2019aquesta cat\u00e0strofe.<\/p>\n\n\n\n<p>Una altra de les accions que duu a terme LA UNI\u00d3 \u00e9s el repartiment de guants que s\u2019empren per a les tasques agr\u00edcoles en el camp en les poblacions afectades a fi de que servisquen per als treballs de desenrunament i recollida de fang.<\/p>\n\n\n\n<p>Carles Peris, secretari general de LA UNI\u00d3, assenyala que \u201cla nostra organitzaci\u00f3 desitja mostrar una vegada m\u00e9s el seu costat solidari col\u00b7laborant amb aquelles persones llauradores i ramaderes que ho estan passant molt malament. Primer ho vam fer amb els tractors al carrer per a ajudar i ara tamb\u00e9 amb la captaci\u00f3 de fons solidaris per a recuperar les explotacions agr\u00e0ries\u201d.<\/p>\n\n\n\n<p>Peris afirma que \u201cSense llauradors i ramaders no hi ha aliments; som la primera baula que mou la cadena agroaliment\u00e0ria, per\u00f2 tamb\u00e9 som solidaris amb els nostres ve\u00efns davant aquest desastre. Molts llauradors i ramaders tenen les seues explotacions arrasades i volem posar tamb\u00e9 el nostre granet d\u2019arena per a col\u00b7laborar en la mesura de les nostres possibilitats en aquesta desgr\u00e0cia\u201d.<\/p>\n\n\n\n<p>Paral\u00b7lelament a aquesta col\u00b7laboraci\u00f3, els llauradors i ramaders de la Comunitat Valenciana que no s\u2019han vist afectats continuen complint amb la seua principal responsabilitat que no \u00e9s una altra que proporcionar aliments sans, de qualitat i de proximitat a tota la societat i confia LA UNI\u00d3 que eixe reconeixement social de la seua labor no s\u2019oblide.<\/p>\n\n\n\n<p>A m\u00e9s, les p\u00e8rdues per la DANA seran quantioses i confia que les diferents Administracions estiguen a l\u2019altura de la magnitud del desastre que ha causat aquest fort temporal de pluges perqu\u00e8 els llauradors i ramaders de la Comunitat Valenciana afectats puguen veure aix\u00ed compensades en part els danys.<\/p>\n\n\n\n<figure class=\"wp-block-image size-large\"><img decoding=\"async\" width=\"576\" height=\"1024\" src=\"https:\/\/elcafedepipa.com\/wp-content\/uploads\/2024\/11\/danaunio-576x1024.jpg\" alt=\"\" class=\"wp-image-7816\" srcset=\"https:\/\/elcafedepipa.com\/wp-content\/uploads\/2024\/11\/danaunio-576x1024.jpg 576w, https:\/\/elcafedepipa.com\/wp-content\/uploads\/2024\/11\/danaunio-169x300.jpg 169w, https:\/\/elcafedepipa.com\/wp-content\/uploads\/2024\/11\/danaunio-768x1365.jpg 768w, https:\/\/elcafedepipa.com\/wp-content\/uploads\/2024\/11\/danaunio-864x1536.jpg 864w, https:\/\/elcafedepipa.com\/wp-content\/uploads\/2024\/11\/danaunio.jpg 900w\" sizes=\"(max-width: 576px) 100vw, 576px\" \/><\/figure>\n","protected":false},"excerpt":{"rendered":"<p>La Uni\u00f3 Llauradora i Ramadera llan\u00e7a des de hui una campanya de recollida de donacions perqu\u00e8 les persones llauradores i ramaderes afectades per la DANA puguen recuperar-se i seguir avant amb les seues explotacions agr\u00e0ries. Per a aix\u00f2 ha habilitat un compte corrent solidari de Caixa Popular:&nbsp;ES2931590079132531713424&nbsp;perqu\u00e8 es puguen realitzar aquestes donacions mitjan\u00e7ant transfer\u00e8ncia banc\u00e0ria &#8230; <a title=\"LA UNI\u00d3 llan\u00e7a una campanya de donacions per a ajudar als llauradors i ramaders afectats per la DANA\" class=\"read-more\" href=\"https:\/\/elcafedepipa.com\/index.php\/2024\/11\/05\/la-unio-llanca-una-campanya-de-donacions-per-a-ajudar-als-llauradors-i-ramaders-afectats-per-la-dana\/\" aria-label=\"M\u00e9s informaci\u00f3 sobre LA UNI\u00d3 llan\u00e7a una campanya de donacions per a ajudar als llauradors i ramaders afectats per la DANA\">Read more<\/a><\/p>\n","protected":false},"author":2,"featured_media":7817,"comment_status":"open","ping_status":"open","sticky":false,"template":"","format":"standard","meta":{"om_disable_all_campaigns":false,"_monsterinsights_skip_tracking":false,"_monsterinsights_sitenote_active":false,"_monsterinsights_sitenote_note":"","_monsterinsights_sitenote_category":0,"_uf_show_specific_survey":0,"_uf_disable_surveys":false,"footnotes":""},"categories":[1],"tags":[],"class_list":["post-7814","post","type-post","status-publish","format-standard","has-post-thumbnail","hentry","category-non-classe"],"_links":{"self":[{"href":"https:\/\/elcafedepipa.com\/index.php\/wp-json\/wp\/v2\/posts\/7814","targetHints":{"allow":["GET"]}}],"collection":[{"href":"https:\/\/elcafedepipa.com\/index.php\/wp-json\/wp\/v2\/posts"}],"about":[{"href":"https:\/\/elcafedepipa.com\/index.php\/wp-json\/wp\/v2\/types\/post"}],"author":[{"embeddable":true,"href":"https:\/\/elcafedepipa.com\/index.php\/wp-json\/wp\/v2\/users\/2"}],"replies":[{"embeddable":true,"href":"https:\/\/elcafedepipa.com\/index.php\/wp-json\/wp\/v2\/comments?post=7814"}],"version-history":[{"count":0,"href":"https:\/\/elcafedepipa.com\/index.php\/wp-json\/wp\/v2\/posts\/7814\/revisions"}],"wp:featuredmedia":[{"embeddable":true,"href":"https:\/\/elcafedepipa.com\/index.php\/wp-json\/wp\/v2\/media\/7817"}],"wp:attachment":[{"href":"https:\/\/elcafedepipa.com\/index.php\/wp-json\/wp\/v2\/media?parent=7814"}],"wp:term":[{"taxonomy":"category","embeddable":true,"href":"https:\/\/elcafedepipa.com\/index.php\/wp-json\/wp\/v2\/categories?post=7814"},{"taxonomy":"post_tag","embeddable":true,"href":"https:\/\/elcafedepipa.com\/index.php\/wp-json\/wp\/v2\/tags?post=7814"}],"curies":[{"name":"wp","href":"https:\/\/api.w.org\/{rel}","templated":true}]}}