{"id":7780,"date":"2024-11-04T15:51:10","date_gmt":"2024-11-04T14:51:10","guid":{"rendered":"https:\/\/elcafedepipa.com\/?p=7780"},"modified":"2024-11-04T15:51:12","modified_gmt":"2024-11-04T14:51:12","slug":"se-suspen-la-fira-medieval-de-mascarell-per-solidaritat-amb-les-persones-afectades-per-la-dana","status":"publish","type":"post","link":"https:\/\/elcafedepipa.com\/index.php\/2024\/11\/04\/se-suspen-la-fira-medieval-de-mascarell-per-solidaritat-amb-les-persones-afectades-per-la-dana\/","title":{"rendered":"Se susp\u00e8n la Fira Medieval de Mascarell per solidaritat amb les persones afectades per la Dana."},"content":{"rendered":"\n<p>Davant l\u2019actual situaci\u00f3 que travessa un gran n\u00famero de poblacions de la prov\u00edncia de Val\u00e8ncia, i vist els efectes ocasionats per la DANA i les seues terribles conseq\u00fc\u00e8ncies l\u2019Ajuntament de Nules ha decidit no celebrar aquest any la Fira Medieval de Mascarell programada per als dies 8, 9 i 10 de novembre.<\/p>\n\n\n\n<p>Aix\u00ed doncs, l\u2019alcalde de Nules, David Garc\u00eda, i el regidor de Mascarell, Guillermo Latorre, han considerat que davant aquesta conjuntura excepcional hi ha que solidaritzar-se amb les persones damnificades, de manera que han acordat destinar tots els diners pressupostats per a l\u2019organitzaci\u00f3 i celebraci\u00f3 d\u2019aquesta fira a ajudes humanit\u00e0ries relacionades a pal\u00b7liar els efectes d\u2019aquesta DANA, \u201cper solidaritat no creem que siga apropiat gaudir d\u2019actes de festa i d\u2019entreteniment quan a 50 quil\u00f2metres hi ha persones desaparegudes i gent enterrant els seus familiars, i persones que s\u2019han quedat sense res en la major cat\u00e0strofe que s\u2019ha registrat al nostre pa\u00eds en l\u2019\u00faltim segle. Considerem que no hi ha res que celebrar en aquests moments\u201d, comenta l\u2019alcalde, David Garc\u00eda. Tamb\u00e9 el regidor, Guillermo Latorre, reitera aquesta postura \u201cen aquests moments tan durs per a la nostra Comunitat, nom\u00e9s podem solidaritzar-nos amb les persones afectades per aquesta trag\u00e8dia, i amb les persones que estan treballant sense descans en la zona afectada\u201d.<\/p>\n\n\n\n<p>La fira, tal com confirma el regidor de Mascarell, ja estava conformada, amb els permisos pertinents aprovats, amb prove\u00efdors i serveis contractats, i fins i tot s\u2019havia comen\u00e7at a treballar&nbsp; en els punts on s\u2019anava a muntar, \u201cper\u00f2 davant&nbsp; de les constants not\u00edcies tr\u00e0giques que ens arriben des dels municipis afectats pel temporal considerem que no \u00e9s \u00e8tic celebrar res en aquests moments\u201d, matisa Guillermo Latorre. &nbsp;&nbsp;&nbsp;&nbsp;&nbsp;<\/p>\n\n\n\n<p>A m\u00e9s, l\u2019alcalde, David Garc\u00eda, ha contactat amb els portaveus dels diferents grups municipals per a con\u00e8ixer el seu par\u00e8ixer sobre la suspensi\u00f3 de la present edici\u00f3 de la fira, i valorar la situaci\u00f3.<\/p>\n\n\n\n<p><strong>Susp\u00e8n tota la programaci\u00f3 l\u00fadica<\/strong><\/p>\n\n\n\n<p>Aix\u00ed mateix, tamb\u00e9 se susp\u00e8n la resta de programaci\u00f3 l\u00fadica organitzada per l\u2019Ajuntament de Nules per a aquest cap de setmana, com ara el Festival de Curtmetratges FesOh Curt que tenia previst celebrar el lliurament de premis dissabte 9 de novembre; tamb\u00e9 es cancel\u00b7la el Passatge del Terror que des del Casal Jove s\u2019havia programat per al dissabte; i la Trobada de Puntaires prevista per a diumenge 10 de novembre.<\/p>\n\n\n\n<p><\/p>\n","protected":false},"excerpt":{"rendered":"<p>Davant l\u2019actual situaci\u00f3 que travessa un gran n\u00famero de poblacions de la prov\u00edncia de Val\u00e8ncia, i vist els efectes ocasionats per la DANA i les seues terribles conseq\u00fc\u00e8ncies l\u2019Ajuntament de Nules ha decidit no celebrar aquest any la Fira Medieval de Mascarell programada per als dies 8, 9 i 10 de novembre. Aix\u00ed doncs, l\u2019alcalde &#8230; <a title=\"Se susp\u00e8n la Fira Medieval de Mascarell per solidaritat amb les persones afectades per la Dana.\" class=\"read-more\" href=\"https:\/\/elcafedepipa.com\/index.php\/2024\/11\/04\/se-suspen-la-fira-medieval-de-mascarell-per-solidaritat-amb-les-persones-afectades-per-la-dana\/\" aria-label=\"M\u00e9s informaci\u00f3 sobre Se susp\u00e8n la Fira Medieval de Mascarell per solidaritat amb les persones afectades per la Dana.\">Read more<\/a><\/p>\n","protected":false},"author":2,"featured_media":7781,"comment_status":"closed","ping_status":"closed","sticky":false,"template":"","format":"standard","meta":{"om_disable_all_campaigns":false,"_monsterinsights_skip_tracking":false,"_monsterinsights_sitenote_active":false,"_monsterinsights_sitenote_note":"","_monsterinsights_sitenote_category":0,"_uf_show_specific_survey":0,"_uf_disable_surveys":false,"footnotes":""},"categories":[3],"tags":[],"class_list":["post-7780","post","type-post","status-publish","format-standard","has-post-thumbnail","hentry","category-nules"],"_links":{"self":[{"href":"https:\/\/elcafedepipa.com\/index.php\/wp-json\/wp\/v2\/posts\/7780","targetHints":{"allow":["GET"]}}],"collection":[{"href":"https:\/\/elcafedepipa.com\/index.php\/wp-json\/wp\/v2\/posts"}],"about":[{"href":"https:\/\/elcafedepipa.com\/index.php\/wp-json\/wp\/v2\/types\/post"}],"author":[{"embeddable":true,"href":"https:\/\/elcafedepipa.com\/index.php\/wp-json\/wp\/v2\/users\/2"}],"replies":[{"embeddable":true,"href":"https:\/\/elcafedepipa.com\/index.php\/wp-json\/wp\/v2\/comments?post=7780"}],"version-history":[{"count":0,"href":"https:\/\/elcafedepipa.com\/index.php\/wp-json\/wp\/v2\/posts\/7780\/revisions"}],"wp:featuredmedia":[{"embeddable":true,"href":"https:\/\/elcafedepipa.com\/index.php\/wp-json\/wp\/v2\/media\/7781"}],"wp:attachment":[{"href":"https:\/\/elcafedepipa.com\/index.php\/wp-json\/wp\/v2\/media?parent=7780"}],"wp:term":[{"taxonomy":"category","embeddable":true,"href":"https:\/\/elcafedepipa.com\/index.php\/wp-json\/wp\/v2\/categories?post=7780"},{"taxonomy":"post_tag","embeddable":true,"href":"https:\/\/elcafedepipa.com\/index.php\/wp-json\/wp\/v2\/tags?post=7780"}],"curies":[{"name":"wp","href":"https:\/\/api.w.org\/{rel}","templated":true}]}}