{"id":7776,"date":"2024-11-04T14:39:22","date_gmt":"2024-11-04T13:39:22","guid":{"rendered":"https:\/\/elcafedepipa.com\/?p=7776"},"modified":"2024-11-04T14:39:23","modified_gmt":"2024-11-04T13:39:23","slug":"el-consorci-c3-v1-gestiona-mes-de-700-tones-de-residus-dels-municipis-afectats-per-la-dana-a-la-provincia-de-valencia","status":"publish","type":"post","link":"https:\/\/elcafedepipa.com\/index.php\/2024\/11\/04\/el-consorci-c3-v1-gestiona-mes-de-700-tones-de-residus-dels-municipis-afectats-per-la-dana-a-la-provincia-de-valencia\/","title":{"rendered":"El Consorci C3\/V1 gestiona m\u00e9s de 700 tones de residus dels municipis afectats per la DANA a la prov\u00edncia de Val\u00e8ncia"},"content":{"rendered":"\n<p><strong>El Consorci C3\/V1 susp\u00e9n de manera temporal la recollida de voluminosos per a posar a la disposici\u00f3 dels municipis damnificats els mitjos fums, canvis i contenidors de voluminosos<\/strong><\/p>\n\n\n\n<p>El Consorci C3\/V1 ha tractat ja m\u00e9s de 700 tones de residus procedents dels municipis de la prov\u00edncia de Val\u00e8ncia afectats pel recent temporal de la DANA. El diputat responsable de Residus, Ximo Llopis, ha destacat que, davant l&#8217;emerg\u00e8ncia, es va posar a disposici\u00f3 la planta de tractament d&#8217;Alg\u00edmia d&#8217;Alfara i la del C1 de&nbsp;Cervera del Maestre&nbsp;per a acollir els residus necessaris.<\/p>\n\n\n\n<p>La DANA ha dificultat l&#8217;acc\u00e9s i funcionament de diverses instal\u00b7lacions de tractament de residus, com les de Caudete de las Fuentes, Manises, Quart de Poblet i Guadassuar. Per&nbsp;aquesta&nbsp;ra\u00f3, el Consorci C3\/V1 ha posat les seues instal\u00b7lacions a disposici\u00f3 per a rebre i gestionar els residus que no poden ser tractats en les plantes afectades.<\/p>\n\n\n\n<p>A m\u00e9s, el Consorci ha susp\u00e9s temporalment la recollida de residus voluminosos per tal de mobilitzar els seus camions, contenidors i personal cap a les zones afectades per la DANA. Des del 4 de novembre, tant en els ecoparcs fixos com en els m\u00f2bils no es permetr\u00e0 el dip\u00f2sit de voluminosos com mobles, estris, fustes i enderrocs. \u201cAquesta&nbsp;mesura pret\u00e9n concentrar els recursos del Consorci C3\/V1 en les \u00e0rees afectades pel temporal\u201d, ha explicat el diputat Ximo Llopis.<\/p>\n","protected":false},"excerpt":{"rendered":"<p>El Consorci C3\/V1 susp\u00e9n de manera temporal la recollida de voluminosos per a posar a la disposici\u00f3 dels municipis damnificats els mitjos fums, canvis i contenidors de voluminosos El Consorci C3\/V1 ha tractat ja m\u00e9s de 700 tones de residus procedents dels municipis de la prov\u00edncia de Val\u00e8ncia afectats pel recent temporal de la DANA. &#8230; <a title=\"El Consorci C3\/V1 gestiona m\u00e9s de 700 tones de residus dels municipis afectats per la DANA a la prov\u00edncia de Val\u00e8ncia\" class=\"read-more\" href=\"https:\/\/elcafedepipa.com\/index.php\/2024\/11\/04\/el-consorci-c3-v1-gestiona-mes-de-700-tones-de-residus-dels-municipis-afectats-per-la-dana-a-la-provincia-de-valencia\/\" aria-label=\"M\u00e9s informaci\u00f3 sobre El Consorci C3\/V1 gestiona m\u00e9s de 700 tones de residus dels municipis afectats per la DANA a la prov\u00edncia de Val\u00e8ncia\">Read more<\/a><\/p>\n","protected":false},"author":2,"featured_media":7777,"comment_status":"closed","ping_status":"closed","sticky":false,"template":"","format":"standard","meta":{"om_disable_all_campaigns":false,"_monsterinsights_skip_tracking":false,"_monsterinsights_sitenote_active":false,"_monsterinsights_sitenote_note":"","_monsterinsights_sitenote_category":0,"_uf_show_specific_survey":0,"_uf_disable_surveys":false,"footnotes":""},"categories":[10],"tags":[],"class_list":["post-7776","post","type-post","status-publish","format-standard","has-post-thumbnail","hentry","category-provinciadecastello"],"_links":{"self":[{"href":"https:\/\/elcafedepipa.com\/index.php\/wp-json\/wp\/v2\/posts\/7776","targetHints":{"allow":["GET"]}}],"collection":[{"href":"https:\/\/elcafedepipa.com\/index.php\/wp-json\/wp\/v2\/posts"}],"about":[{"href":"https:\/\/elcafedepipa.com\/index.php\/wp-json\/wp\/v2\/types\/post"}],"author":[{"embeddable":true,"href":"https:\/\/elcafedepipa.com\/index.php\/wp-json\/wp\/v2\/users\/2"}],"replies":[{"embeddable":true,"href":"https:\/\/elcafedepipa.com\/index.php\/wp-json\/wp\/v2\/comments?post=7776"}],"version-history":[{"count":0,"href":"https:\/\/elcafedepipa.com\/index.php\/wp-json\/wp\/v2\/posts\/7776\/revisions"}],"wp:featuredmedia":[{"embeddable":true,"href":"https:\/\/elcafedepipa.com\/index.php\/wp-json\/wp\/v2\/media\/7777"}],"wp:attachment":[{"href":"https:\/\/elcafedepipa.com\/index.php\/wp-json\/wp\/v2\/media?parent=7776"}],"wp:term":[{"taxonomy":"category","embeddable":true,"href":"https:\/\/elcafedepipa.com\/index.php\/wp-json\/wp\/v2\/categories?post=7776"},{"taxonomy":"post_tag","embeddable":true,"href":"https:\/\/elcafedepipa.com\/index.php\/wp-json\/wp\/v2\/tags?post=7776"}],"curies":[{"name":"wp","href":"https:\/\/api.w.org\/{rel}","templated":true}]}}