{"id":7758,"date":"2024-11-04T13:43:53","date_gmt":"2024-11-04T12:43:53","guid":{"rendered":"https:\/\/elcafedepipa.com\/?p=7758"},"modified":"2024-11-04T13:43:55","modified_gmt":"2024-11-04T12:43:55","slug":"almenara-habilita-un-correu-electronic-per-a-coordinar-lajuda-a-les-poblacions-afectades-per-la-dana-ayudaalmenara-es","status":"publish","type":"post","link":"https:\/\/elcafedepipa.com\/index.php\/2024\/11\/04\/almenara-habilita-un-correu-electronic-per-a-coordinar-lajuda-a-les-poblacions-afectades-per-la-dana-ayudaalmenara-es\/","title":{"rendered":"Almenara habilita un correu electr\u00f2nic per a coordinar l&#8217;ajuda a les poblacions afectades per la DANA (ayuda@almenara.es)"},"content":{"rendered":"\n<p><strong>Podran escriure els qui vulguen ser voluntaris, aix\u00ed com els qui vulguen aportar materials o transport. Les dades s&#8217;enviaran a la FVMP que ser\u00e0 qui s&#8217;encarregue de la coordinaci\u00f3<\/strong><\/p>\n\n\n\n<p>L&#8217;Ajuntament d&#8217;Almenara ha posat en marxa el correu electr\u00f2nic ayuda@almenara.es perqu\u00e8 les persones que vulguen col\u00b7laborar amb les localitats afectades per la DANA puguen comunicar les seues intencions.&nbsp;Aquesta&nbsp;iniciativa es duu a terme seguint les recomanacions de la Federaci\u00f3 Valenciana de Municipis i Prov\u00edncies (FVMP), que coordinar\u00e0 i gestionar\u00e0 els oferiments d&#8217;ajuda.<\/p>\n\n\n\n<p>Les persones interessades a participar com a volunt\u00e0ries poden enviar un correu indicant la seua intenci\u00f3, juntament amb el nom, cognoms, DNI i un tel\u00e8fon de contacte. La informaci\u00f3 es remetr\u00e0 a la&nbsp;FVMP, que a trav\u00e9s de la Plataforma del Voluntariat de la Comunitat Valenciana s&#8217;encarregar\u00e0 de la coordinaci\u00f3 dels voluntaris.<\/p>\n\n\n\n<p>A m\u00e9s del voluntariat, el correu tamb\u00e9 est\u00e0 disponible per a aquells que desitgen col\u00b7laborar d&#8217;altres maneres, ja siga oferint material, transport, habitatge o qualsevol altra ajuda. Igualment, hauran de facilitar les seues dades personals per a facilitar la coordinaci\u00f3.&nbsp;Aquesta&nbsp;ajuda ser\u00e0 canalitzada a trav\u00e9s de la&nbsp;FVMP, tal com ha comunicat als ajuntaments.<\/p>\n","protected":false},"excerpt":{"rendered":"<p>Podran escriure els qui vulguen ser voluntaris, aix\u00ed com els qui vulguen aportar materials o transport. Les dades s&#8217;enviaran a la FVMP que ser\u00e0 qui s&#8217;encarregue de la coordinaci\u00f3 L&#8217;Ajuntament d&#8217;Almenara ha posat en marxa el correu electr\u00f2nic ayuda@almenara.es perqu\u00e8 les persones que vulguen col\u00b7laborar amb les localitats afectades per la DANA puguen comunicar les &#8230; <a title=\"Almenara habilita un correu electr\u00f2nic per a coordinar l&#8217;ajuda a les poblacions afectades per la DANA (ayuda@almenara.es)\" class=\"read-more\" href=\"https:\/\/elcafedepipa.com\/index.php\/2024\/11\/04\/almenara-habilita-un-correu-electronic-per-a-coordinar-lajuda-a-les-poblacions-afectades-per-la-dana-ayudaalmenara-es\/\" aria-label=\"M\u00e9s informaci\u00f3 sobre Almenara habilita un correu electr\u00f2nic per a coordinar l&#8217;ajuda a les poblacions afectades per la DANA (ayuda@almenara.es)\">Read more<\/a><\/p>\n","protected":false},"author":2,"featured_media":7759,"comment_status":"closed","ping_status":"closed","sticky":false,"template":"","format":"standard","meta":{"om_disable_all_campaigns":false,"_monsterinsights_skip_tracking":false,"_monsterinsights_sitenote_active":false,"_monsterinsights_sitenote_note":"","_monsterinsights_sitenote_category":0,"_uf_show_specific_survey":0,"_uf_disable_surveys":false,"footnotes":""},"categories":[5],"tags":[],"class_list":["post-7758","post","type-post","status-publish","format-standard","has-post-thumbnail","hentry","category-almenara"],"_links":{"self":[{"href":"https:\/\/elcafedepipa.com\/index.php\/wp-json\/wp\/v2\/posts\/7758","targetHints":{"allow":["GET"]}}],"collection":[{"href":"https:\/\/elcafedepipa.com\/index.php\/wp-json\/wp\/v2\/posts"}],"about":[{"href":"https:\/\/elcafedepipa.com\/index.php\/wp-json\/wp\/v2\/types\/post"}],"author":[{"embeddable":true,"href":"https:\/\/elcafedepipa.com\/index.php\/wp-json\/wp\/v2\/users\/2"}],"replies":[{"embeddable":true,"href":"https:\/\/elcafedepipa.com\/index.php\/wp-json\/wp\/v2\/comments?post=7758"}],"version-history":[{"count":0,"href":"https:\/\/elcafedepipa.com\/index.php\/wp-json\/wp\/v2\/posts\/7758\/revisions"}],"wp:featuredmedia":[{"embeddable":true,"href":"https:\/\/elcafedepipa.com\/index.php\/wp-json\/wp\/v2\/media\/7759"}],"wp:attachment":[{"href":"https:\/\/elcafedepipa.com\/index.php\/wp-json\/wp\/v2\/media?parent=7758"}],"wp:term":[{"taxonomy":"category","embeddable":true,"href":"https:\/\/elcafedepipa.com\/index.php\/wp-json\/wp\/v2\/categories?post=7758"},{"taxonomy":"post_tag","embeddable":true,"href":"https:\/\/elcafedepipa.com\/index.php\/wp-json\/wp\/v2\/tags?post=7758"}],"curies":[{"name":"wp","href":"https:\/\/api.w.org\/{rel}","templated":true}]}}