{"id":7733,"date":"2024-11-04T12:07:15","date_gmt":"2024-11-04T11:07:15","guid":{"rendered":"https:\/\/elcafedepipa.com\/?p=7733"},"modified":"2024-11-04T12:07:17","modified_gmt":"2024-11-04T11:07:17","slug":"el-pspv-exigix-a-la-diputacio-de-castello-un-paquet-dajudes-immediat-per-als-ajuntaments-afectats-per-la-dana-del-nord-de-la-provincia","status":"publish","type":"post","link":"https:\/\/elcafedepipa.com\/index.php\/2024\/11\/04\/el-pspv-exigix-a-la-diputacio-de-castello-un-paquet-dajudes-immediat-per-als-ajuntaments-afectats-per-la-dana-del-nord-de-la-provincia\/","title":{"rendered":"El PSPV\u00a0exigix a la Diputaci\u00f3 de Castell\u00f3 un paquet d&#8217;ajudes immediat per als ajuntaments afectats per la DANA del nord de la\u00a0prov\u00edncia"},"content":{"rendered":"\n<p><strong>Sanz insta la instituci\u00f3 a activar la l\u00ednia de cr\u00e8dit per a cat\u00e0strofes i ampliar-la despr\u00e9s d&#8217;avaluar els danys en infraestructures i edificis municipals<\/strong><\/p>\n\n\n\n<p>El grup socialista de la Diputaci\u00f3 de Castell\u00f3, encap\u00e7alat per la portaveu adjunta Ruth&nbsp;Sanz, ha sol\u00b7licitat a la instituci\u00f3 provincial l&#8217;activaci\u00f3 urgent d&#8217;un paquet d&#8217;ajudes per als municipis afectats per la recent DANA que ha causat danys importants a les comarques del nord.&nbsp;Sanz&nbsp;ha instat la presidenta Marta&nbsp;Barrachina&nbsp;a desbloquejar la l\u00ednia de cr\u00e8dit per a situacions d&#8217;emerg\u00e8ncia i a ampliar-la&nbsp;tal com&nbsp;es valoren els desperfectes en infraestructures com carreteres, camins, ponts i edificis municipals.<\/p>\n\n\n\n<p>Segons&nbsp;Sanz, \u201c\u00e9s essencial agilitzar les ajudes i col\u00b7laborar amb els ajuntaments per a garantir que les nostres localitats recuperen la normalitat al m\u00e9s aviat possible\u201d.<\/p>\n\n\n\n<p>La diputada provincial tamb\u00e9 ha volgut agrair la tasca de Protecci\u00f3 Civil, Bombers, policies, brigades municipals i els voluntaris que han estat treballant a les zones m\u00e9s afectades. \u201cSou tot un orgull per a la prov\u00edncia\u201d, ha destacat.<\/p>\n","protected":false},"excerpt":{"rendered":"<p>Sanz insta la instituci\u00f3 a activar la l\u00ednia de cr\u00e8dit per a cat\u00e0strofes i ampliar-la despr\u00e9s d&#8217;avaluar els danys en infraestructures i edificis municipals El grup socialista de la Diputaci\u00f3 de Castell\u00f3, encap\u00e7alat per la portaveu adjunta Ruth&nbsp;Sanz, ha sol\u00b7licitat a la instituci\u00f3 provincial l&#8217;activaci\u00f3 urgent d&#8217;un paquet d&#8217;ajudes per als municipis afectats per la &#8230; <a title=\"El PSPV\u00a0exigix a la Diputaci\u00f3 de Castell\u00f3 un paquet d&#8217;ajudes immediat per als ajuntaments afectats per la DANA del nord de la\u00a0prov\u00edncia\" class=\"read-more\" href=\"https:\/\/elcafedepipa.com\/index.php\/2024\/11\/04\/el-pspv-exigix-a-la-diputacio-de-castello-un-paquet-dajudes-immediat-per-als-ajuntaments-afectats-per-la-dana-del-nord-de-la-provincia\/\" aria-label=\"M\u00e9s informaci\u00f3 sobre El PSPV\u00a0exigix a la Diputaci\u00f3 de Castell\u00f3 un paquet d&#8217;ajudes immediat per als ajuntaments afectats per la DANA del nord de la\u00a0prov\u00edncia\">Read more<\/a><\/p>\n","protected":false},"author":2,"featured_media":7734,"comment_status":"closed","ping_status":"closed","sticky":false,"template":"","format":"standard","meta":{"om_disable_all_campaigns":false,"_monsterinsights_skip_tracking":false,"_monsterinsights_sitenote_active":false,"_monsterinsights_sitenote_note":"","_monsterinsights_sitenote_category":0,"_uf_show_specific_survey":0,"_uf_disable_surveys":false,"footnotes":""},"categories":[10],"tags":[],"class_list":["post-7733","post","type-post","status-publish","format-standard","has-post-thumbnail","hentry","category-provinciadecastello"],"_links":{"self":[{"href":"https:\/\/elcafedepipa.com\/index.php\/wp-json\/wp\/v2\/posts\/7733","targetHints":{"allow":["GET"]}}],"collection":[{"href":"https:\/\/elcafedepipa.com\/index.php\/wp-json\/wp\/v2\/posts"}],"about":[{"href":"https:\/\/elcafedepipa.com\/index.php\/wp-json\/wp\/v2\/types\/post"}],"author":[{"embeddable":true,"href":"https:\/\/elcafedepipa.com\/index.php\/wp-json\/wp\/v2\/users\/2"}],"replies":[{"embeddable":true,"href":"https:\/\/elcafedepipa.com\/index.php\/wp-json\/wp\/v2\/comments?post=7733"}],"version-history":[{"count":0,"href":"https:\/\/elcafedepipa.com\/index.php\/wp-json\/wp\/v2\/posts\/7733\/revisions"}],"wp:featuredmedia":[{"embeddable":true,"href":"https:\/\/elcafedepipa.com\/index.php\/wp-json\/wp\/v2\/media\/7734"}],"wp:attachment":[{"href":"https:\/\/elcafedepipa.com\/index.php\/wp-json\/wp\/v2\/media?parent=7733"}],"wp:term":[{"taxonomy":"category","embeddable":true,"href":"https:\/\/elcafedepipa.com\/index.php\/wp-json\/wp\/v2\/categories?post=7733"},{"taxonomy":"post_tag","embeddable":true,"href":"https:\/\/elcafedepipa.com\/index.php\/wp-json\/wp\/v2\/tags?post=7733"}],"curies":[{"name":"wp","href":"https:\/\/api.w.org\/{rel}","templated":true}]}}