{"id":7724,"date":"2024-11-04T08:48:49","date_gmt":"2024-11-04T07:48:49","guid":{"rendered":"https:\/\/elcafedepipa.com\/?p=7724"},"modified":"2024-11-04T08:48:51","modified_gmt":"2024-11-04T07:48:51","slug":"la-guardia-civil-reforca-els-efectius-i-mitjans-materials-per-a-fer-front-a-la-dana-en-la-provincia-de-valencia-amb-quasi-5-200-agents-i-mes-de-560-vehicles","status":"publish","type":"post","link":"https:\/\/elcafedepipa.com\/index.php\/2024\/11\/04\/la-guardia-civil-reforca-els-efectius-i-mitjans-materials-per-a-fer-front-a-la-dana-en-la-provincia-de-valencia-amb-quasi-5-200-agents-i-mes-de-560-vehicles\/","title":{"rendered":"La Gu\u00e0rdia Civil refor\u00e7a els efectius i mitjans materials per a fer front a la DANA en la prov\u00edncia de Val\u00e8ncia amb quasi 5.200 agents i m\u00e9s de 560\u00a0vehicles"},"content":{"rendered":"\n<p><strong>Es creen 10 unitats de 50 cadascuna amb personal d&#8217;Usecic\u00a0de les diferents comand\u00e0ncies d&#8217;Espanya, a m\u00e9s d&#8217;un increment de personal dels Grups de Reserva i Seguretat, del Grup de Cavalleria i del\u00a0GAR<\/strong><\/p>\n\n\n\n<p>La Gu\u00e0rdia Civil ha augmentat el nombre d&#8217;efectius desplegats en les zones afectades per la DANA en la prov\u00edncia de Val\u00e8ncia, arribant als quasi 5.200 agents. A m\u00e9s, s&#8217;han despla\u00e7at des de diferents comand\u00e0ncies d&#8217;Espanya deu unitats de refor\u00e7, cadascuna amb uns 50 gu\u00e0rdies civils, i comptaran amb el suport de personal addicional dels Grups de Reserva i Seguretat, del Grup de Cavalleria i del Grup d\u2019Acci\u00f3 R\u00e0pida (GAR). Tamb\u00e9 s&#8217;ha incrementat el personal de les tres prov\u00edncies valencianes per a contribuir a pal\u00b7liar els efectes de la DANA en la ciutadania.<\/p>\n\n\n\n<p>Quant als recursos materials, la Gu\u00e0rdia Civil disposa d&#8217;uns 560 vehicles tot terreny, 4 Oficines M\u00f2bils d&#8217;Atenci\u00f3 al Ciutad\u00e0, vehicles especials del Servei de Criminal\u00edstica, 10 embarcacions lleugeres, 7 helic\u00f2pters, 69 drons, entre altres.<\/p>\n\n\n\n<p>Tasques principals<\/p>\n\n\n\n<p>Despr\u00e9s de quatre dies dels efectes devastadors de la DANA, la Gu\u00e0rdia Civil centra els seus esfor\u00e7os en la localitzaci\u00f3 de persones desaparegudes, la identificaci\u00f3 dels cossos trobats, el refor\u00e7 de les labors d&#8217;abastiment de la poblaci\u00f3 i les tasques pr\u00f2pies de seguretat ciutadana, amb l&#8217;objectiu de contribuir a una r\u00e0pida normalitzaci\u00f3 de la situaci\u00f3.<\/p>\n\n\n\n<p>Les unitats implicades, especialment les de l&#8217;Agrupaci\u00f3 de Tr\u00e0nsit, estan treballant per a facilitar l&#8217;abastiment de productes b\u00e0sics a la poblaci\u00f3, ajudant tamb\u00e9 en la retirada de vehicles i la neteja de les vies de comunicaci\u00f3. Fins al moment, s&#8217;han realitzat m\u00e9s de 36.115 rescats i auxili a persones en poblacions i en carreteres.<\/p>\n\n\n\n<p>A m\u00e9s, com a part del dispositiu de prevenci\u00f3 contra saquejos, s&#8217;han realitzat 35 detencions.<\/p>\n","protected":false},"excerpt":{"rendered":"<p>Es creen 10 unitats de 50 cadascuna amb personal d&#8217;Usecic\u00a0de les diferents comand\u00e0ncies d&#8217;Espanya, a m\u00e9s d&#8217;un increment de personal dels Grups de Reserva i Seguretat, del Grup de Cavalleria i del\u00a0GAR La Gu\u00e0rdia Civil ha augmentat el nombre d&#8217;efectius desplegats en les zones afectades per la DANA en la prov\u00edncia de Val\u00e8ncia, arribant als &#8230; <a title=\"La Gu\u00e0rdia Civil refor\u00e7a els efectius i mitjans materials per a fer front a la DANA en la prov\u00edncia de Val\u00e8ncia amb quasi 5.200 agents i m\u00e9s de 560\u00a0vehicles\" class=\"read-more\" href=\"https:\/\/elcafedepipa.com\/index.php\/2024\/11\/04\/la-guardia-civil-reforca-els-efectius-i-mitjans-materials-per-a-fer-front-a-la-dana-en-la-provincia-de-valencia-amb-quasi-5-200-agents-i-mes-de-560-vehicles\/\" aria-label=\"M\u00e9s informaci\u00f3 sobre La Gu\u00e0rdia Civil refor\u00e7a els efectius i mitjans materials per a fer front a la DANA en la prov\u00edncia de Val\u00e8ncia amb quasi 5.200 agents i m\u00e9s de 560\u00a0vehicles\">Read more<\/a><\/p>\n","protected":false},"author":2,"featured_media":7725,"comment_status":"closed","ping_status":"closed","sticky":false,"template":"","format":"standard","meta":{"om_disable_all_campaigns":false,"_monsterinsights_skip_tracking":false,"_monsterinsights_sitenote_active":false,"_monsterinsights_sitenote_note":"","_monsterinsights_sitenote_category":0,"_uf_show_specific_survey":0,"_uf_disable_surveys":false,"footnotes":""},"categories":[11],"tags":[],"class_list":["post-7724","post","type-post","status-publish","format-standard","has-post-thumbnail","hentry","category-comunitatvalenciana"],"_links":{"self":[{"href":"https:\/\/elcafedepipa.com\/index.php\/wp-json\/wp\/v2\/posts\/7724","targetHints":{"allow":["GET"]}}],"collection":[{"href":"https:\/\/elcafedepipa.com\/index.php\/wp-json\/wp\/v2\/posts"}],"about":[{"href":"https:\/\/elcafedepipa.com\/index.php\/wp-json\/wp\/v2\/types\/post"}],"author":[{"embeddable":true,"href":"https:\/\/elcafedepipa.com\/index.php\/wp-json\/wp\/v2\/users\/2"}],"replies":[{"embeddable":true,"href":"https:\/\/elcafedepipa.com\/index.php\/wp-json\/wp\/v2\/comments?post=7724"}],"version-history":[{"count":0,"href":"https:\/\/elcafedepipa.com\/index.php\/wp-json\/wp\/v2\/posts\/7724\/revisions"}],"wp:featuredmedia":[{"embeddable":true,"href":"https:\/\/elcafedepipa.com\/index.php\/wp-json\/wp\/v2\/media\/7725"}],"wp:attachment":[{"href":"https:\/\/elcafedepipa.com\/index.php\/wp-json\/wp\/v2\/media?parent=7724"}],"wp:term":[{"taxonomy":"category","embeddable":true,"href":"https:\/\/elcafedepipa.com\/index.php\/wp-json\/wp\/v2\/categories?post=7724"},{"taxonomy":"post_tag","embeddable":true,"href":"https:\/\/elcafedepipa.com\/index.php\/wp-json\/wp\/v2\/tags?post=7724"}],"curies":[{"name":"wp","href":"https:\/\/api.w.org\/{rel}","templated":true}]}}