{"id":7653,"date":"2024-11-01T13:09:37","date_gmt":"2024-11-01T12:09:37","guid":{"rendered":"https:\/\/elcafedepipa.com\/?p=7653"},"modified":"2024-11-01T14:14:52","modified_gmt":"2024-11-01T13:14:52","slug":"convoi-dajuda-valler-amb-desti-lhorta-sud","status":"publish","type":"post","link":"https:\/\/elcafedepipa.com\/index.php\/2024\/11\/01\/convoi-dajuda-valler-amb-desti-lhorta-sud\/","title":{"rendered":"Convoi d&#8217;ajuda valler amb dest\u00ed l&#8217;Horta Sud"},"content":{"rendered":"\n<p>A les 5 del mat\u00ed ha eixit un convoi d&#8217;ajuda des del magatzem municipal de l&#8217;Ajuntament de la Vall d&#8217;Uix\u00f3 fins a l&#8217;Horta Sud, format per 18 persones volunt\u00e0ries de la Brigada Municipal i la Policia Local.<br>Tamb\u00e9 per tres retroexcavadores, un vehicle policial, dos camions, tres palets d&#8217;aigua i ferramentes de m\u00e0. Des del Consitori valler han donat les gr\u00e0cies a les persones i empreses que han col\u00b7laborat desinteressadament.<br>La seua arribada i acc\u00e9s ha sigut coordinat amb Policia Local i Gu\u00e0rdia Civil. Des de hui i fins diumenge prestaran servei per tractar d&#8217;ajudar en tot all\u00f2 que siga possible, en nom de tot el poble de la Vall.<\/p>\n\n\n\n<figure class=\"wp-block-image size-large\"><img fetchpriority=\"high\" decoding=\"async\" width=\"771\" height=\"1024\" src=\"https:\/\/elcafedepipa.com\/wp-content\/uploads\/2024\/11\/001-771x1024.jpeg\" alt=\"\" class=\"wp-image-7666\" srcset=\"https:\/\/elcafedepipa.com\/wp-content\/uploads\/2024\/11\/001-771x1024.jpeg 771w, https:\/\/elcafedepipa.com\/wp-content\/uploads\/2024\/11\/001-226x300.jpeg 226w, https:\/\/elcafedepipa.com\/wp-content\/uploads\/2024\/11\/001-768x1021.jpeg 768w, https:\/\/elcafedepipa.com\/wp-content\/uploads\/2024\/11\/001-1156x1536.jpeg 1156w, https:\/\/elcafedepipa.com\/wp-content\/uploads\/2024\/11\/001.jpeg 1204w\" sizes=\"(max-width: 771px) 100vw, 771px\" \/><\/figure>\n\n\n\n<figure class=\"wp-block-image size-large\"><img decoding=\"async\" width=\"1024\" height=\"768\" src=\"https:\/\/elcafedepipa.com\/wp-content\/uploads\/2024\/11\/02-1024x768.jpg\" alt=\"\" class=\"wp-image-7667\" srcset=\"https:\/\/elcafedepipa.com\/wp-content\/uploads\/2024\/11\/02-1024x768.jpg 1024w, https:\/\/elcafedepipa.com\/wp-content\/uploads\/2024\/11\/02-300x225.jpg 300w, https:\/\/elcafedepipa.com\/wp-content\/uploads\/2024\/11\/02-768x576.jpg 768w, https:\/\/elcafedepipa.com\/wp-content\/uploads\/2024\/11\/02-1536x1152.jpg 1536w, https:\/\/elcafedepipa.com\/wp-content\/uploads\/2024\/11\/02.jpg 2048w\" sizes=\"(max-width: 1024px) 100vw, 1024px\" \/><\/figure>\n\n\n\n<figure class=\"wp-block-image size-large\"><img decoding=\"async\" width=\"768\" height=\"1024\" src=\"https:\/\/elcafedepipa.com\/wp-content\/uploads\/2024\/11\/03-768x1024.jpg\" alt=\"\" class=\"wp-image-7668\" srcset=\"https:\/\/elcafedepipa.com\/wp-content\/uploads\/2024\/11\/03-768x1024.jpg 768w, https:\/\/elcafedepipa.com\/wp-content\/uploads\/2024\/11\/03-225x300.jpg 225w, https:\/\/elcafedepipa.com\/wp-content\/uploads\/2024\/11\/03-1152x1536.jpg 1152w, https:\/\/elcafedepipa.com\/wp-content\/uploads\/2024\/11\/03.jpg 1536w\" sizes=\"(max-width: 768px) 100vw, 768px\" \/><\/figure>\n\n\n\n<figure class=\"wp-block-image size-large\"><img loading=\"lazy\" decoding=\"async\" width=\"1024\" height=\"768\" src=\"https:\/\/elcafedepipa.com\/wp-content\/uploads\/2024\/11\/04-1024x768.jpg\" alt=\"\" class=\"wp-image-7669\" srcset=\"https:\/\/elcafedepipa.com\/wp-content\/uploads\/2024\/11\/04-1024x768.jpg 1024w, https:\/\/elcafedepipa.com\/wp-content\/uploads\/2024\/11\/04-300x225.jpg 300w, https:\/\/elcafedepipa.com\/wp-content\/uploads\/2024\/11\/04-768x576.jpg 768w, https:\/\/elcafedepipa.com\/wp-content\/uploads\/2024\/11\/04-1536x1152.jpg 1536w, https:\/\/elcafedepipa.com\/wp-content\/uploads\/2024\/11\/04.jpg 2048w\" sizes=\"(max-width: 1024px) 100vw, 1024px\" \/><\/figure>\n","protected":false},"excerpt":{"rendered":"<p>A les 5 del mat\u00ed ha eixit un convoi d&#8217;ajuda des del magatzem municipal de l&#8217;Ajuntament de la Vall d&#8217;Uix\u00f3 fins a l&#8217;Horta Sud, format per 18 persones volunt\u00e0ries de la Brigada Municipal i la Policia Local.Tamb\u00e9 per tres retroexcavadores, un vehicle policial, dos camions, tres palets d&#8217;aigua i ferramentes de m\u00e0. Des del Consitori &#8230; <a title=\"Convoi d&#8217;ajuda valler amb dest\u00ed l&#8217;Horta Sud\" class=\"read-more\" href=\"https:\/\/elcafedepipa.com\/index.php\/2024\/11\/01\/convoi-dajuda-valler-amb-desti-lhorta-sud\/\" aria-label=\"M\u00e9s informaci\u00f3 sobre Convoi d&#8217;ajuda valler amb dest\u00ed l&#8217;Horta Sud\">Read more<\/a><\/p>\n","protected":false},"author":2,"featured_media":7654,"comment_status":"closed","ping_status":"closed","sticky":false,"template":"","format":"standard","meta":{"om_disable_all_campaigns":false,"_monsterinsights_skip_tracking":false,"_monsterinsights_sitenote_active":false,"_monsterinsights_sitenote_note":"","_monsterinsights_sitenote_category":0,"_uf_show_specific_survey":0,"_uf_disable_surveys":false,"footnotes":""},"categories":[1],"tags":[],"class_list":["post-7653","post","type-post","status-publish","format-standard","has-post-thumbnail","hentry","category-non-classe"],"_links":{"self":[{"href":"https:\/\/elcafedepipa.com\/index.php\/wp-json\/wp\/v2\/posts\/7653","targetHints":{"allow":["GET"]}}],"collection":[{"href":"https:\/\/elcafedepipa.com\/index.php\/wp-json\/wp\/v2\/posts"}],"about":[{"href":"https:\/\/elcafedepipa.com\/index.php\/wp-json\/wp\/v2\/types\/post"}],"author":[{"embeddable":true,"href":"https:\/\/elcafedepipa.com\/index.php\/wp-json\/wp\/v2\/users\/2"}],"replies":[{"embeddable":true,"href":"https:\/\/elcafedepipa.com\/index.php\/wp-json\/wp\/v2\/comments?post=7653"}],"version-history":[{"count":0,"href":"https:\/\/elcafedepipa.com\/index.php\/wp-json\/wp\/v2\/posts\/7653\/revisions"}],"wp:featuredmedia":[{"embeddable":true,"href":"https:\/\/elcafedepipa.com\/index.php\/wp-json\/wp\/v2\/media\/7654"}],"wp:attachment":[{"href":"https:\/\/elcafedepipa.com\/index.php\/wp-json\/wp\/v2\/media?parent=7653"}],"wp:term":[{"taxonomy":"category","embeddable":true,"href":"https:\/\/elcafedepipa.com\/index.php\/wp-json\/wp\/v2\/categories?post=7653"},{"taxonomy":"post_tag","embeddable":true,"href":"https:\/\/elcafedepipa.com\/index.php\/wp-json\/wp\/v2\/tags?post=7653"}],"curies":[{"name":"wp","href":"https:\/\/api.w.org\/{rel}","templated":true}]}}