{"id":7613,"date":"2024-10-31T12:44:07","date_gmt":"2024-10-31T11:44:07","guid":{"rendered":"https:\/\/elcafedepipa.com\/?p=7613"},"modified":"2024-10-31T12:44:10","modified_gmt":"2024-10-31T11:44:10","slug":"la-diputacio-de-castello-demana-extremar-la-precaucio-davant-lalerta-roja-per-pluges-decretada-en-el-nord-i-litoral-de-la-provincia","status":"publish","type":"post","link":"https:\/\/elcafedepipa.com\/index.php\/2024\/10\/31\/la-diputacio-de-castello-demana-extremar-la-precaucio-davant-lalerta-roja-per-pluges-decretada-en-el-nord-i-litoral-de-la-provincia\/","title":{"rendered":"La Diputaci\u00f3 de Castell\u00f3 demana extremar la precauci\u00f3 davant l&#8217;alerta roja per pluges decretada en el nord i litoral de la prov\u00edncia"},"content":{"rendered":"\n<p>Des de la Diputaci\u00f3 Provincial de Castell\u00f3 insisteixen a extremar la precauci\u00f3 davant l&#8217;alerta roja per pluges decretada en el nord i litoral de la prov\u00edncia, aix\u00ed com alerta groga en la resta de la prov\u00edncia.<br>A m\u00e9s, com ha informat el Centre de Coordinaci\u00f3 d&#8217;Emerg\u00e8ncies, s&#8217;ha afegit l&#8217;Emerg\u00e8ncia Situaci\u00f3 1 per inundacions a Baix Maestrat, T\u00edrig, Alcalat\u00e9n i Plana Alta.<br>Segons dades de l&#8217;AEMET, este dijous hi ha possibilitat de pluja amb acumulats de 40 mm\/h i\/o 180 mm\/12h podent superar-se puntualment.<br>Des de la Diputaci\u00f3 de Castell\u00f3 insistim als ve\u00efns de la prov\u00edncia en:<\/p>\n\n\n\n<p>&#8211; Evitar despla\u00e7aments i \u00fanicament realitzar els estrictament necessaris.<\/p>\n\n\n\n<p>&#8211; Mantindre&#8217;s allunyats de rambles i rius.<\/p>\n\n\n\n<p>&#8211; Seguir les informacions i indicacions dels canals oficials d&#8217;emerg\u00e8ncia (@BombersDipcas, @GVA112, @AEMET_esp) per a poder garantir la seguretat de tots.<\/p>\n\n\n\n<p>Des del Consorci Provincial de Bombers de Castell\u00f3 han contactat amb els municipis afectats per l&#8217;alerta roja activada a la prov\u00edncia perqu\u00e8 la informaci\u00f3 els arribe el m\u00e9s r\u00e0pid possible i en cas d&#8217;emerg\u00e8ncia s&#8217;avise de seguida per a poder actuar.<\/p>\n\n\n\n<p>El Consorci continua col\u00b7laborant amb els serveis d&#8217;emerg\u00e8ncies de Val\u00e8ncia en totes les labors necess\u00e0ries despr\u00e9s de l&#8217;impacte sever de la DANA.<br>Quant a l&#8217;estat de les carreteres de la prov\u00edncia, romanen tallades les seg\u00fcents per inundacions:<br>&#8211; CV-137 de C\u00e0lig a Sant Jordi<br>&#8211; CV-200 en el tram que unix A\u00edn amb Almed\u00edjar<br>&#8211; CV-130 Alboc\u00e0sser &#8211; Sant Mateu per T\u00edrig<br>&#8211; CV-154 la Torre d&#8217;en Dom\u00e9nec &#8211; La Serratella<br>&#8211; CV-1486 entre els termes de Cabanes i Oropesa<br>&#8211; CV-148 en Borseral<br>&#8211; CV-15 en La Pelejaneta (Vall d&#8217;Alba)<br>L&#8217;acc\u00e9s per la carretera CV-165 (l&#8217;Alcora) est\u00e0 obert. Es recomana utilitzar esta carretera en cas de necessitat extrema per a accedir a Vistabella.<br>Preguem la m\u00e0xima precauci\u00f3 en la circulaci\u00f3 per a garantir la seguretat.<\/p>\n","protected":false},"excerpt":{"rendered":"<p>Des de la Diputaci\u00f3 Provincial de Castell\u00f3 insisteixen a extremar la precauci\u00f3 davant l&#8217;alerta roja per pluges decretada en el nord i litoral de la prov\u00edncia, aix\u00ed com alerta groga en la resta de la prov\u00edncia.A m\u00e9s, com ha informat el Centre de Coordinaci\u00f3 d&#8217;Emerg\u00e8ncies, s&#8217;ha afegit l&#8217;Emerg\u00e8ncia Situaci\u00f3 1 per inundacions a Baix Maestrat, &#8230; <a title=\"La Diputaci\u00f3 de Castell\u00f3 demana extremar la precauci\u00f3 davant l&#8217;alerta roja per pluges decretada en el nord i litoral de la prov\u00edncia\" class=\"read-more\" href=\"https:\/\/elcafedepipa.com\/index.php\/2024\/10\/31\/la-diputacio-de-castello-demana-extremar-la-precaucio-davant-lalerta-roja-per-pluges-decretada-en-el-nord-i-litoral-de-la-provincia\/\" aria-label=\"M\u00e9s informaci\u00f3 sobre La Diputaci\u00f3 de Castell\u00f3 demana extremar la precauci\u00f3 davant l&#8217;alerta roja per pluges decretada en el nord i litoral de la prov\u00edncia\">Read more<\/a><\/p>\n","protected":false},"author":2,"featured_media":0,"comment_status":"closed","ping_status":"closed","sticky":false,"template":"","format":"standard","meta":{"om_disable_all_campaigns":false,"_monsterinsights_skip_tracking":false,"_monsterinsights_sitenote_active":false,"_monsterinsights_sitenote_note":"","_monsterinsights_sitenote_category":0,"_uf_show_specific_survey":0,"_uf_disable_surveys":false,"footnotes":""},"categories":[10],"tags":[],"class_list":["post-7613","post","type-post","status-publish","format-standard","hentry","category-provinciadecastello"],"_links":{"self":[{"href":"https:\/\/elcafedepipa.com\/index.php\/wp-json\/wp\/v2\/posts\/7613","targetHints":{"allow":["GET"]}}],"collection":[{"href":"https:\/\/elcafedepipa.com\/index.php\/wp-json\/wp\/v2\/posts"}],"about":[{"href":"https:\/\/elcafedepipa.com\/index.php\/wp-json\/wp\/v2\/types\/post"}],"author":[{"embeddable":true,"href":"https:\/\/elcafedepipa.com\/index.php\/wp-json\/wp\/v2\/users\/2"}],"replies":[{"embeddable":true,"href":"https:\/\/elcafedepipa.com\/index.php\/wp-json\/wp\/v2\/comments?post=7613"}],"version-history":[{"count":0,"href":"https:\/\/elcafedepipa.com\/index.php\/wp-json\/wp\/v2\/posts\/7613\/revisions"}],"wp:attachment":[{"href":"https:\/\/elcafedepipa.com\/index.php\/wp-json\/wp\/v2\/media?parent=7613"}],"wp:term":[{"taxonomy":"category","embeddable":true,"href":"https:\/\/elcafedepipa.com\/index.php\/wp-json\/wp\/v2\/categories?post=7613"},{"taxonomy":"post_tag","embeddable":true,"href":"https:\/\/elcafedepipa.com\/index.php\/wp-json\/wp\/v2\/tags?post=7613"}],"curies":[{"name":"wp","href":"https:\/\/api.w.org\/{rel}","templated":true}]}}