{"id":7489,"date":"2024-10-29T13:30:00","date_gmt":"2024-10-29T12:30:00","guid":{"rendered":"https:\/\/elcafedepipa.com\/?p=7489"},"modified":"2024-10-29T11:44:08","modified_gmt":"2024-10-29T10:44:08","slug":"podcast-una-nit-de-cinema-i-una-fireta-de-monstres-valencians-protagonitzen-halloween-a-la-vall-duixo","status":"publish","type":"post","link":"https:\/\/elcafedepipa.com\/index.php\/2024\/10\/29\/podcast-una-nit-de-cinema-i-una-fireta-de-monstres-valencians-protagonitzen-halloween-a-la-vall-duixo\/","title":{"rendered":"Podcast | Una nit de cinema i una fireta de monstres valencians protagonitzen Halloween a la Vall d&#8217;Uix\u00f3"},"content":{"rendered":"\n<p><strong>\u00c0UDIO |<\/strong> Manel Agea, regidor de Joventut i Mem\u00f2ria Democr\u00e0tica.<\/p>\n\n\n\n<figure class=\"wp-block-audio\"><audio controls src=\"https:\/\/elcafedepipa.com\/wp-content\/uploads\/2024\/10\/manel29oct_.mp3\"><\/audio><\/figure>\n","protected":false},"excerpt":{"rendered":"<p>\u00c0UDIO | Manel Agea, regidor de Joventut i Mem\u00f2ria Democr\u00e0tica.<\/p>\n","protected":false},"author":2,"featured_media":0,"comment_status":"closed","ping_status":"closed","sticky":false,"template":"","format":"standard","meta":{"om_disable_all_campaigns":false,"_monsterinsights_skip_tracking":false,"_monsterinsights_sitenote_active":false,"_monsterinsights_sitenote_note":"","_monsterinsights_sitenote_category":0,"_uf_show_specific_survey":0,"_uf_disable_surveys":false,"footnotes":""},"categories":[2,34],"tags":[],"class_list":["post-7489","post","type-post","status-publish","format-standard","hentry","category-lavallduixo","category-podcast"],"_links":{"self":[{"href":"https:\/\/elcafedepipa.com\/index.php\/wp-json\/wp\/v2\/posts\/7489","targetHints":{"allow":["GET"]}}],"collection":[{"href":"https:\/\/elcafedepipa.com\/index.php\/wp-json\/wp\/v2\/posts"}],"about":[{"href":"https:\/\/elcafedepipa.com\/index.php\/wp-json\/wp\/v2\/types\/post"}],"author":[{"embeddable":true,"href":"https:\/\/elcafedepipa.com\/index.php\/wp-json\/wp\/v2\/users\/2"}],"replies":[{"embeddable":true,"href":"https:\/\/elcafedepipa.com\/index.php\/wp-json\/wp\/v2\/comments?post=7489"}],"version-history":[{"count":0,"href":"https:\/\/elcafedepipa.com\/index.php\/wp-json\/wp\/v2\/posts\/7489\/revisions"}],"wp:attachment":[{"href":"https:\/\/elcafedepipa.com\/index.php\/wp-json\/wp\/v2\/media?parent=7489"}],"wp:term":[{"taxonomy":"category","embeddable":true,"href":"https:\/\/elcafedepipa.com\/index.php\/wp-json\/wp\/v2\/categories?post=7489"},{"taxonomy":"post_tag","embeddable":true,"href":"https:\/\/elcafedepipa.com\/index.php\/wp-json\/wp\/v2\/tags?post=7489"}],"curies":[{"name":"wp","href":"https:\/\/api.w.org\/{rel}","templated":true}]}}