{"id":7481,"date":"2024-10-29T08:43:21","date_gmt":"2024-10-29T07:43:21","guid":{"rendered":"https:\/\/elcafedepipa.com\/?p=7481"},"modified":"2024-10-29T08:43:23","modified_gmt":"2024-10-29T07:43:23","slug":"laura-chulia-destaca-el-compromis-del-consell-amb-el-turisme-i-defensa-la-visibilitat-de-tots-els-municipis-a-fitur-2025","status":"publish","type":"post","link":"https:\/\/elcafedepipa.com\/index.php\/2024\/10\/29\/laura-chulia-destaca-el-compromis-del-consell-amb-el-turisme-i-defensa-la-visibilitat-de-tots-els-municipis-a-fitur-2025\/","title":{"rendered":"Laura Chuli\u00e0 destaca el comprom\u00eds del Consell amb el turisme i defensa la visibilitat de tots els municipis a FITUR 2025"},"content":{"rendered":"\n<p><strong>Chuli\u00e0 ha recordat que en els \u00faltims mesos s&#8217;ha posat en marxa el Programa Viatja+65, un producte espec\u00edfic per a majors de 65 anys \u201cque va registrar m\u00e9s de 12.500 sol\u00b7licituds en la seua primera setmana\u201d<\/strong><\/p>\n\n\n\n<p>La portaveu adjunta del Grup Popular en&nbsp;Les Corts, Laura&nbsp;Chuli\u00e0, ha valorat positivament les pol\u00edtiques de turisme impulsades pel Consell de Carlos Maz\u00f3n, ressaltant \u201cl\u2019aposta clara per promoure i donar visibilitat a tots els racons del territori valenci\u00e0\u201d.<\/p>\n\n\n\n<p>Chuli\u00e0&nbsp;ha mencionat el Programa&nbsp;Viaja+65, dirigit a persones majors de&nbsp;65&nbsp;anys, que en la seua primera setmana va registrar m\u00e9s de 12.500 sol\u00b7licituds i que pret\u00e9n refor\u00e7ar el turisme per a&nbsp;aquesta&nbsp;franja d\u2019edat, despr\u00e9s de la pol\u00e8mica entorn del programa de l\u2019Imserso. A m\u00e9s, ha anunciat que la Conselleria posar\u00e0 en marxa el Bono&nbsp;Viaje&nbsp;de Interior, amb l\u2019objectiu de desestacionalitzar el turisme i promocionar els municipis d\u2019interior.<\/p>\n\n\n\n<p>Davant les cr\u00edtiques del PSPV sobre la pres\u00e8ncia de municipis a FITUR 2025,&nbsp;Chuli\u00e0&nbsp;ha assegurat que \u201c\u00e9s demag\u00f2gic i fals afirmar que no es dona visibilitat als municipis\u201d i ha explicat que, com cada any, hi haur\u00e0 un espai ampli per a tots.&nbsp;Aquesta&nbsp;edici\u00f3 inclour\u00e0 una reconfiguraci\u00f3 per professionalitzar la participaci\u00f3, enfocant-se&nbsp;en&nbsp;establir reunions i col\u00b7laborar amb els professionals del sector per aconseguir una promoci\u00f3 efectiva.<\/p>\n","protected":false},"excerpt":{"rendered":"<p>Chuli\u00e0 ha recordat que en els \u00faltims mesos s&#8217;ha posat en marxa el Programa Viatja+65, un producte espec\u00edfic per a majors de 65 anys \u201cque va registrar m\u00e9s de 12.500 sol\u00b7licituds en la seua primera setmana\u201d La portaveu adjunta del Grup Popular en&nbsp;Les Corts, Laura&nbsp;Chuli\u00e0, ha valorat positivament les pol\u00edtiques de turisme impulsades pel Consell &#8230; <a title=\"Laura Chuli\u00e0 destaca el comprom\u00eds del Consell amb el turisme i defensa la visibilitat de tots els municipis a FITUR 2025\" class=\"read-more\" href=\"https:\/\/elcafedepipa.com\/index.php\/2024\/10\/29\/laura-chulia-destaca-el-compromis-del-consell-amb-el-turisme-i-defensa-la-visibilitat-de-tots-els-municipis-a-fitur-2025\/\" aria-label=\"M\u00e9s informaci\u00f3 sobre Laura Chuli\u00e0 destaca el comprom\u00eds del Consell amb el turisme i defensa la visibilitat de tots els municipis a FITUR 2025\">Read more<\/a><\/p>\n","protected":false},"author":2,"featured_media":0,"comment_status":"closed","ping_status":"closed","sticky":false,"template":"","format":"standard","meta":{"om_disable_all_campaigns":false,"_monsterinsights_skip_tracking":false,"_monsterinsights_sitenote_active":false,"_monsterinsights_sitenote_note":"","_monsterinsights_sitenote_category":0,"_uf_show_specific_survey":0,"_uf_disable_surveys":false,"footnotes":""},"categories":[11],"tags":[],"class_list":["post-7481","post","type-post","status-publish","format-standard","hentry","category-comunitatvalenciana"],"_links":{"self":[{"href":"https:\/\/elcafedepipa.com\/index.php\/wp-json\/wp\/v2\/posts\/7481","targetHints":{"allow":["GET"]}}],"collection":[{"href":"https:\/\/elcafedepipa.com\/index.php\/wp-json\/wp\/v2\/posts"}],"about":[{"href":"https:\/\/elcafedepipa.com\/index.php\/wp-json\/wp\/v2\/types\/post"}],"author":[{"embeddable":true,"href":"https:\/\/elcafedepipa.com\/index.php\/wp-json\/wp\/v2\/users\/2"}],"replies":[{"embeddable":true,"href":"https:\/\/elcafedepipa.com\/index.php\/wp-json\/wp\/v2\/comments?post=7481"}],"version-history":[{"count":0,"href":"https:\/\/elcafedepipa.com\/index.php\/wp-json\/wp\/v2\/posts\/7481\/revisions"}],"wp:attachment":[{"href":"https:\/\/elcafedepipa.com\/index.php\/wp-json\/wp\/v2\/media?parent=7481"}],"wp:term":[{"taxonomy":"category","embeddable":true,"href":"https:\/\/elcafedepipa.com\/index.php\/wp-json\/wp\/v2\/categories?post=7481"},{"taxonomy":"post_tag","embeddable":true,"href":"https:\/\/elcafedepipa.com\/index.php\/wp-json\/wp\/v2\/tags?post=7481"}],"curies":[{"name":"wp","href":"https:\/\/api.w.org\/{rel}","templated":true}]}}