{"id":7467,"date":"2024-10-28T15:25:41","date_gmt":"2024-10-28T14:25:41","guid":{"rendered":"https:\/\/elcafedepipa.com\/?p=7467"},"modified":"2024-10-28T15:25:43","modified_gmt":"2024-10-28T14:25:43","slug":"la-diputacio-de-castello-activa-tot-el-dispositiu-preventiu-de-bombers-davant-lalerta-taronja-decretada-en-tota-la-provincia","status":"publish","type":"post","link":"https:\/\/elcafedepipa.com\/index.php\/2024\/10\/28\/la-diputacio-de-castello-activa-tot-el-dispositiu-preventiu-de-bombers-davant-lalerta-taronja-decretada-en-tota-la-provincia\/","title":{"rendered":"La Diputaci\u00f3 de Castell\u00f3 activa tot el dispositiu preventiu de bombers davant l&#8217;alerta taronja decretada en tota la prov\u00edncia"},"content":{"rendered":"\n<p><strong>Marta Barrachina presidix la reuni\u00f3 operativa de coordinaci\u00f3 del Consorci Provincial de Bombers davant la previsi\u00f3 de fortes pluges a partir d&#8217;este dilluns, \u201ci estem preparats per a respondre davant qualsevol situaci\u00f3 que puga sorgir\u201d<\/strong><\/p>\n\n\n\n<p>La Diputaci\u00f3 Provincial de Castell\u00f3 activa tot el dispositiu preventiu en els quatre parcs de bombers davant l&#8217;alerta taronja en tota la prov\u00edncia.<\/p>\n\n\n\n<p>La presidenta de la Diputaci\u00f3, Marta Barrachina, ha presidit este dilluns la reuni\u00f3 operativa de coordinaci\u00f3 del Consorci Provincial de Bombers davant la previsi\u00f3 de fortes pluges a partir d&#8217;este dilluns en el territori castellonenc.<\/p>\n\n\n\n<p>La reuni\u00f3 tamb\u00e9 ha comptat amb l&#8217;assist\u00e8ncia del diputat del Consorci de Bombers, David Vicente; el cap d&#8217;operacions, Andr\u00e9s Balfag\u00f3; el cap del centre provincial de coordinaci\u00f3, Jes\u00fas S\u00e1nchez; el cap de les unitats de rescat del Consorci, Javier Botet; el cap de bombers voluntaris, Antonio Hern\u00e1ndez; i el cap de la secci\u00f3 forestal, Fernando P\u00e9rez.<\/p>\n\n\n\n<p>Com ha explicat la dirigent provincial, \u201cdavant el temporal de pluja que pot afectar amb for\u00e7a a la nostra prov\u00edncia, des de la Diputaci\u00f3 estem plenament compromesos en la coordinaci\u00f3 de tots els recursos per a assegurar la tranquil\u00b7litat dels nostres ve\u00efns\u201d. \u201cActualment, hem activat preventivament el dispositiu de pluges en tota la prov\u00edncia, i estem preparats per a respondre davant qualsevol situaci\u00f3 que puga sorgir\u201d, ha expressat Marta Barrachina.<\/p>\n\n\n\n<p>Despr\u00e9s d&#8217;un cap de setmana sense haver comptabilitzat cap servei per part del Consorci Provincial de Bombers i amb un registre de pluges acumulades en les \u00faltimes 12 hores de m\u00e9s de 150 litres\/m\u00b2 a Benassal i Vilar de Canes, i quasi 100 litres\/m\u00b2 en Atzeneta, Vall d&#8217;Alba, Benafigos, la Torre d&#8217;en Dom\u00e9nec, entre altres, segons la previsi\u00f3 meteorol\u00f2gica, el pitjor episodi de pluja es preveu a partir d&#8217;este dilluns. Per a fer front al temporal, \u201cm\u00e9s d&#8217;un centenar de mitjans estan previnguts a la prov\u00edncia davant l&#8217;alerta de pluges\u201d, ha subratllat la presidenta de la Diputaci\u00f3.<\/p>\n\n\n\n<p>El Consorci de Bombers de Castell\u00f3 disposa d&#8217;un ampli dispositiu en tota la prov\u00edncia preparat per a ser activat de manera immediata en cas de ser necessari. L&#8217;activaci\u00f3 de recursos es realitzar\u00e0 gradualment sobre la base de les necessitats puntuals de cada moment i cada zona, determinades per l&#8217;evoluci\u00f3 de la situaci\u00f3. Aix\u00ed mateix, el dispositiu inicial s&#8217;anir\u00e0 incrementant de manera autom\u00e0tica sobre la base de l&#8217;evoluci\u00f3 de la situaci\u00f3 i segons les necessitats en cada zona operativa.<\/p>\n\n\n\n<p>El Consorci Provincial de Bombers de Castell\u00f3 t\u00e9 operatius els 4 parcs de bombers professionals situats a Benicarl\u00f3, Orpesa, Nules i Segorbe i els 5 parcs de Bombers voluntaris a Onda, Llucena, Benassal, Morella i Atzeneta amb un total de 26 camions autobomba secundats per 60 equips de buidatge d&#8217;aigua dividits en 18 electrobombes, 34 motobombes i 8 turbobombes. Entre les electrobombes es compta amb 3 bombes de buidatge d&#8217;aigua de gran cabal amb els seus grups electr\u00f2gens i 1 especial per a buidar de s\u00f2lids i fangs.<\/p>\n\n\n\n<p>D&#8217;altra banda tamb\u00e9 es compta amb altres 15 camions autobomba corresponents a les Unitats de Bombers Forestals de la Generalitat assignades al Consorci de Castell\u00f3.<\/p>\n\n\n\n<p>Al costat de tot este dispositiu, el Consorci de Bombers t\u00e9 tamb\u00e9 activades la URM (Unitat de Rescat en Muntanya) i la URA ( Unitat de Rescat Aqu\u00e0tic) amb efectius distribu\u00efts en els 4 parcs de bombers professionals.<\/p>\n\n\n\n<p>La URA (Unitat de Rescat Aqu\u00e0tic) disposa d&#8217;un vehicle remolque dotat amb una embarcaci\u00f3 pneum\u00e0tica de rescat i la resta de material necessari per a atendre qualsevol rescat en terra o mar. A m\u00e9s en la Unitat de Rescat Aqu\u00e0tic es compta amb: 2 embarcacions zodiac de rescat en baix calat, 3 motos aqu\u00e0tiques de rescat, 5 bots de rescat en zones d&#8217;aigua estancada i 3 embarcacions semir\u00edgides bimotor de 10 metres per a rescat mar\u00edtim amb base en els ports de Benicarl\u00f3, Oropesa i Burriana.<\/p>\n\n\n\n<p>La UML (Unitat de Maquin\u00e0ria i Log\u00edstica) tamb\u00e9 est\u00e0 totalment operativa per a refor\u00e7ar als dispositius de Bombers amb equipament de maquin\u00e0ria pesant i equips de buidatge d&#8217;aigua de gran cabal, i per a actuar posteriorment en zones amb infraestructures afectades per la pluja. La UML disposa de 3 pales frontals carregadores, 1 pala mixta, 3 camions polivalents amb grua, 3 tractors amb calaix tragella, 1 rulo compactador i diferent equipament auxiliar.<\/p>\n\n\n\n<p>A m\u00e9s, es compta amb el suport de la unitat de Protecci\u00f3 Civil de la Diputaci\u00f3, que brindar\u00e0 suport log\u00edstic als dispositius de bombers o als ajuntaments que ho sol\u00b7liciten.<\/p>\n\n\n\n<p>La presidenta de la Diputaci\u00f3 ha incidit en la import\u00e0ncia de, davant pluges fortes, evitar despla\u00e7aments innecessaris i extremar la precauci\u00f3 en carretera, evitant travessar zones inundades o llits de rius. Aix\u00ed mateix, \u201cals qui viuen prop de muntanyes o rius, els demanem revisar les canalitzacions i desguassos de les seues vivendes per a previndre acumulacions d&#8217;aigua\u201d.<\/p>\n\n\n\n<p>Des de la instituci\u00f3 provincial insistixen a seguir les actualitzacions meteorol\u00f2giques d&#8217;AEMET i qualsevol av\u00eds de preemerg\u00e8ncia o emerg\u00e8ncia em\u00e9s per GVA112. En cas d&#8217;urg\u00e8ncia, contactar amb el 112 per a una resposta immediata.<\/p>\n\n\n\n<p>\u201cLa nostra prioritat \u00e9s protegir-los, i tots els equips de bombers estan preparats per a atendre qualsevol eventualitat que es puga presentar\u201d, ha concl\u00f2s la presidenta de la Diputaci\u00f3.<\/p>\n\n\n\n<p>Des del Centre Provincial de Coordinaci\u00f3 de CBDC, es gestionar\u00e0 ,en coordinaci\u00f3 amb l&#8217;AVSRE (Ag\u00e8ncia Valenciana de Seguretat i Resposta a Emerg\u00e8ncies) i la resta d&#8217;administracions implicades, tot el dispositiu d&#8217;actuaci\u00f3 del departament de Bombers de la Diputaci\u00f3 de Castell\u00f3.<\/p>\n","protected":false},"excerpt":{"rendered":"<p>Marta Barrachina presidix la reuni\u00f3 operativa de coordinaci\u00f3 del Consorci Provincial de Bombers davant la previsi\u00f3 de fortes pluges a partir d&#8217;este dilluns, \u201ci estem preparats per a respondre davant qualsevol situaci\u00f3 que puga sorgir\u201d La Diputaci\u00f3 Provincial de Castell\u00f3 activa tot el dispositiu preventiu en els quatre parcs de bombers davant l&#8217;alerta taronja en &#8230; <a title=\"La Diputaci\u00f3 de Castell\u00f3 activa tot el dispositiu preventiu de bombers davant l&#8217;alerta taronja decretada en tota la prov\u00edncia\" class=\"read-more\" href=\"https:\/\/elcafedepipa.com\/index.php\/2024\/10\/28\/la-diputacio-de-castello-activa-tot-el-dispositiu-preventiu-de-bombers-davant-lalerta-taronja-decretada-en-tota-la-provincia\/\" aria-label=\"M\u00e9s informaci\u00f3 sobre La Diputaci\u00f3 de Castell\u00f3 activa tot el dispositiu preventiu de bombers davant l&#8217;alerta taronja decretada en tota la prov\u00edncia\">Read more<\/a><\/p>\n","protected":false},"author":2,"featured_media":0,"comment_status":"closed","ping_status":"closed","sticky":false,"template":"","format":"standard","meta":{"om_disable_all_campaigns":false,"_monsterinsights_skip_tracking":false,"_monsterinsights_sitenote_active":false,"_monsterinsights_sitenote_note":"","_monsterinsights_sitenote_category":0,"_uf_show_specific_survey":0,"_uf_disable_surveys":false,"footnotes":""},"categories":[10],"tags":[],"class_list":["post-7467","post","type-post","status-publish","format-standard","hentry","category-provinciadecastello"],"_links":{"self":[{"href":"https:\/\/elcafedepipa.com\/index.php\/wp-json\/wp\/v2\/posts\/7467","targetHints":{"allow":["GET"]}}],"collection":[{"href":"https:\/\/elcafedepipa.com\/index.php\/wp-json\/wp\/v2\/posts"}],"about":[{"href":"https:\/\/elcafedepipa.com\/index.php\/wp-json\/wp\/v2\/types\/post"}],"author":[{"embeddable":true,"href":"https:\/\/elcafedepipa.com\/index.php\/wp-json\/wp\/v2\/users\/2"}],"replies":[{"embeddable":true,"href":"https:\/\/elcafedepipa.com\/index.php\/wp-json\/wp\/v2\/comments?post=7467"}],"version-history":[{"count":0,"href":"https:\/\/elcafedepipa.com\/index.php\/wp-json\/wp\/v2\/posts\/7467\/revisions"}],"wp:attachment":[{"href":"https:\/\/elcafedepipa.com\/index.php\/wp-json\/wp\/v2\/media?parent=7467"}],"wp:term":[{"taxonomy":"category","embeddable":true,"href":"https:\/\/elcafedepipa.com\/index.php\/wp-json\/wp\/v2\/categories?post=7467"},{"taxonomy":"post_tag","embeddable":true,"href":"https:\/\/elcafedepipa.com\/index.php\/wp-json\/wp\/v2\/tags?post=7467"}],"curies":[{"name":"wp","href":"https:\/\/api.w.org\/{rel}","templated":true}]}}