{"id":7404,"date":"2024-10-25T14:38:30","date_gmt":"2024-10-25T12:38:30","guid":{"rendered":"https:\/\/elcafedepipa.com\/?p=7404"},"modified":"2024-10-25T14:38:32","modified_gmt":"2024-10-25T12:38:32","slug":"lespai-cultural-obert-les-aules-acull-lexposicio-disseny-a-tres-quarts-2024-amb-projectes-de-lalumnat-de-luji","status":"publish","type":"post","link":"https:\/\/elcafedepipa.com\/index.php\/2024\/10\/25\/lespai-cultural-obert-les-aules-acull-lexposicio-disseny-a-tres-quarts-2024-amb-projectes-de-lalumnat-de-luji\/","title":{"rendered":"L&#8217;Espai Cultural Obert Les Aules acull l&#8217;exposici\u00f3 \u2018Disseny a tres quarts 2024\u2019 amb projectes de l\u2019alumnat de l\u2019UJI"},"content":{"rendered":"\n<p><strong>La mostra, de la Universitat Jaume I, est\u00e0 enquadrada dins del Besign Fest amb projectes desenvolupats en el marc de la plataforma Intercrea<\/strong><\/p>\n\n\n\n<p>L&#8217;Espai Cultural Obert \u2013 ECO Les Aules de la Diputaci\u00f3 de Castell\u00f3 ha inaugurat l&#8217;exposici\u00f3 \u2018Disseny a tres quarts 2024\u2019, una mostra dels alumnes del Grau en Disseny Industrial i Desenvolupament de Productes de la Universitat Jaume I (UJI).&nbsp;Aquesta&nbsp;exposici\u00f3 s&#8217;emmarca dins del&nbsp;Besign&nbsp;Fest i presenta projectes desenvolupats en la plataforma&nbsp;Intercrea.<\/p>\n\n\n\n<p>El diputat de Cultura,&nbsp;Alejandro&nbsp;Clausell, ha destacat la import\u00e0ncia d\u2019aquestes&nbsp;jornades, subratllant que &#8220;aquestes&nbsp;propostes innovadores aborden com el disseny industrial pot millorar la societat i la salut de les persones&#8221;. La mostra inclou una varietat de dissenys semiacabats, que inclouen mobiliari, il\u00b7luminaci\u00f3 i elements reciclats, alguns dels quals han estat exhibits al Sal\u00f3&nbsp;Nude&nbsp;de la Fira H\u00e0bitat Val\u00e8ncia.<\/p>\n\n\n\n<p>L&#8217;exposici\u00f3, que va obrir ahir, estar\u00e0 disponible fins al 5 de desembre, de dilluns a dissabte, en horari de 10.00 a 14.00 hores i de 17.00 a 21.00 hores, amb entrada lliure.<\/p>\n\n\n\n<p>A m\u00e9s de l&#8217;exposici\u00f3,&nbsp;aquesta&nbsp;vesprada se celebrar\u00e0 la&nbsp;Pechakucha&nbsp;Night&nbsp;a les 19.30 hores, on diverses dissenyadores presentaran els seus projectes en un format breu, tamb\u00e9 dins del&nbsp;Besign&nbsp;Fest.<\/p>\n","protected":false},"excerpt":{"rendered":"<p>La mostra, de la Universitat Jaume I, est\u00e0 enquadrada dins del Besign Fest amb projectes desenvolupats en el marc de la plataforma Intercrea L&#8217;Espai Cultural Obert \u2013 ECO Les Aules de la Diputaci\u00f3 de Castell\u00f3 ha inaugurat l&#8217;exposici\u00f3 \u2018Disseny a tres quarts 2024\u2019, una mostra dels alumnes del Grau en Disseny Industrial i Desenvolupament de &#8230; <a title=\"L&#8217;Espai Cultural Obert Les Aules acull l&#8217;exposici\u00f3 \u2018Disseny a tres quarts 2024\u2019 amb projectes de l\u2019alumnat de l\u2019UJI\" class=\"read-more\" href=\"https:\/\/elcafedepipa.com\/index.php\/2024\/10\/25\/lespai-cultural-obert-les-aules-acull-lexposicio-disseny-a-tres-quarts-2024-amb-projectes-de-lalumnat-de-luji\/\" aria-label=\"M\u00e9s informaci\u00f3 sobre L&#8217;Espai Cultural Obert Les Aules acull l&#8217;exposici\u00f3 \u2018Disseny a tres quarts 2024\u2019 amb projectes de l\u2019alumnat de l\u2019UJI\">Read more<\/a><\/p>\n","protected":false},"author":2,"featured_media":0,"comment_status":"closed","ping_status":"closed","sticky":false,"template":"","format":"standard","meta":{"om_disable_all_campaigns":false,"_monsterinsights_skip_tracking":false,"_monsterinsights_sitenote_active":false,"_monsterinsights_sitenote_note":"","_monsterinsights_sitenote_category":0,"_uf_show_specific_survey":0,"_uf_disable_surveys":false,"footnotes":""},"categories":[10],"tags":[],"class_list":["post-7404","post","type-post","status-publish","format-standard","hentry","category-provinciadecastello"],"_links":{"self":[{"href":"https:\/\/elcafedepipa.com\/index.php\/wp-json\/wp\/v2\/posts\/7404","targetHints":{"allow":["GET"]}}],"collection":[{"href":"https:\/\/elcafedepipa.com\/index.php\/wp-json\/wp\/v2\/posts"}],"about":[{"href":"https:\/\/elcafedepipa.com\/index.php\/wp-json\/wp\/v2\/types\/post"}],"author":[{"embeddable":true,"href":"https:\/\/elcafedepipa.com\/index.php\/wp-json\/wp\/v2\/users\/2"}],"replies":[{"embeddable":true,"href":"https:\/\/elcafedepipa.com\/index.php\/wp-json\/wp\/v2\/comments?post=7404"}],"version-history":[{"count":0,"href":"https:\/\/elcafedepipa.com\/index.php\/wp-json\/wp\/v2\/posts\/7404\/revisions"}],"wp:attachment":[{"href":"https:\/\/elcafedepipa.com\/index.php\/wp-json\/wp\/v2\/media?parent=7404"}],"wp:term":[{"taxonomy":"category","embeddable":true,"href":"https:\/\/elcafedepipa.com\/index.php\/wp-json\/wp\/v2\/categories?post=7404"},{"taxonomy":"post_tag","embeddable":true,"href":"https:\/\/elcafedepipa.com\/index.php\/wp-json\/wp\/v2\/tags?post=7404"}],"curies":[{"name":"wp","href":"https:\/\/api.w.org\/{rel}","templated":true}]}}