{"id":7387,"date":"2024-10-25T13:50:40","date_gmt":"2024-10-25T11:50:40","guid":{"rendered":"https:\/\/elcafedepipa.com\/?p=7387"},"modified":"2024-10-25T13:50:42","modified_gmt":"2024-10-25T11:50:42","slug":"nules-organitza-un-taller-dautoexploracio-mamaria-per-conscienciar-sobre-el-cancer-de-mama","status":"publish","type":"post","link":"https:\/\/elcafedepipa.com\/index.php\/2024\/10\/25\/nules-organitza-un-taller-dautoexploracio-mamaria-per-conscienciar-sobre-el-cancer-de-mama\/","title":{"rendered":"Nules organitza un taller d&#8217;autoexploraci\u00f3 mam\u00e0ria per conscienciar sobre el c\u00e0ncer de mama"},"content":{"rendered":"\n<p><strong>Dimarts 29 tindr\u00e0 lloc un taller pr\u00e0ctic d\u2019autoexploraci\u00f3 mam\u00e0ria<\/strong><\/p>\n\n\n\n<p>Coincidint amb el mes d&#8217;octubre, durant el qual es commemora el Dia Mundial del C\u00e0ncer de Mama, l&#8217;Ajuntament de Nules ha impulsat una iniciativa per sensibilitzar la poblaci\u00f3 sobre&nbsp;aquesta&nbsp;malaltia i la import\u00e0ncia de la investigaci\u00f3.<\/p>\n\n\n\n<p>El dimarts 29 d&#8217;octubre, a les 18 hores, tindr\u00e0 lloc un taller d&#8217;autoexploraci\u00f3 mam\u00e0ria a la Biblioteca Municipal Jos\u00e9&nbsp;Vicente&nbsp;Felip&nbsp;Monlle\u00f3, impartit per Celeste Sanahuja&nbsp;Edo&nbsp;i Amanda Miravet&nbsp;Verde, matrones del centre de salut de Nules.<\/p>\n\n\n\n<p>El regidor de Sanitat,&nbsp;Ram\u00f3n&nbsp;Mart\u00ednez, ha destacat la import\u00e0ncia de la prevenci\u00f3 i ha subratllat que &#8220;des de les institucions p\u00fabliques hem de col\u00b7laborar en sensibilitzar a la poblaci\u00f3 sobre la prevenci\u00f3 del c\u00e0ncer, aprofitant&nbsp;aquest&nbsp;mes&nbsp;per a&nbsp;visibilitzar el c\u00e0ncer de mama i conscienciar les dones sobre la seua prevenci\u00f3&#8221;.<\/p>\n","protected":false},"excerpt":{"rendered":"<p>Dimarts 29 tindr\u00e0 lloc un taller pr\u00e0ctic d\u2019autoexploraci\u00f3 mam\u00e0ria Coincidint amb el mes d&#8217;octubre, durant el qual es commemora el Dia Mundial del C\u00e0ncer de Mama, l&#8217;Ajuntament de Nules ha impulsat una iniciativa per sensibilitzar la poblaci\u00f3 sobre&nbsp;aquesta&nbsp;malaltia i la import\u00e0ncia de la investigaci\u00f3. El dimarts 29 d&#8217;octubre, a les 18 hores, tindr\u00e0 lloc un &#8230; <a title=\"Nules organitza un taller d&#8217;autoexploraci\u00f3 mam\u00e0ria per conscienciar sobre el c\u00e0ncer de mama\" class=\"read-more\" href=\"https:\/\/elcafedepipa.com\/index.php\/2024\/10\/25\/nules-organitza-un-taller-dautoexploracio-mamaria-per-conscienciar-sobre-el-cancer-de-mama\/\" aria-label=\"M\u00e9s informaci\u00f3 sobre Nules organitza un taller d&#8217;autoexploraci\u00f3 mam\u00e0ria per conscienciar sobre el c\u00e0ncer de mama\">Read more<\/a><\/p>\n","protected":false},"author":2,"featured_media":0,"comment_status":"closed","ping_status":"closed","sticky":false,"template":"","format":"standard","meta":{"om_disable_all_campaigns":false,"_monsterinsights_skip_tracking":false,"_monsterinsights_sitenote_active":false,"_monsterinsights_sitenote_note":"","_monsterinsights_sitenote_category":0,"_uf_show_specific_survey":0,"_uf_disable_surveys":false,"footnotes":""},"categories":[3],"tags":[],"class_list":["post-7387","post","type-post","status-publish","format-standard","hentry","category-nules"],"_links":{"self":[{"href":"https:\/\/elcafedepipa.com\/index.php\/wp-json\/wp\/v2\/posts\/7387","targetHints":{"allow":["GET"]}}],"collection":[{"href":"https:\/\/elcafedepipa.com\/index.php\/wp-json\/wp\/v2\/posts"}],"about":[{"href":"https:\/\/elcafedepipa.com\/index.php\/wp-json\/wp\/v2\/types\/post"}],"author":[{"embeddable":true,"href":"https:\/\/elcafedepipa.com\/index.php\/wp-json\/wp\/v2\/users\/2"}],"replies":[{"embeddable":true,"href":"https:\/\/elcafedepipa.com\/index.php\/wp-json\/wp\/v2\/comments?post=7387"}],"version-history":[{"count":0,"href":"https:\/\/elcafedepipa.com\/index.php\/wp-json\/wp\/v2\/posts\/7387\/revisions"}],"wp:attachment":[{"href":"https:\/\/elcafedepipa.com\/index.php\/wp-json\/wp\/v2\/media?parent=7387"}],"wp:term":[{"taxonomy":"category","embeddable":true,"href":"https:\/\/elcafedepipa.com\/index.php\/wp-json\/wp\/v2\/categories?post=7387"},{"taxonomy":"post_tag","embeddable":true,"href":"https:\/\/elcafedepipa.com\/index.php\/wp-json\/wp\/v2\/tags?post=7387"}],"curies":[{"name":"wp","href":"https:\/\/api.w.org\/{rel}","templated":true}]}}