{"id":7353,"date":"2024-10-27T11:30:00","date_gmt":"2024-10-27T10:30:00","guid":{"rendered":"https:\/\/elcafedepipa.com\/?p=7353"},"modified":"2024-10-25T12:47:44","modified_gmt":"2024-10-25T10:47:44","slug":"cineforum-hui-a-la-vall-duixo-projeccio-i-colloqui-sobre-la-pellicula-no-soy-un-hombre-facil","status":"publish","type":"post","link":"https:\/\/elcafedepipa.com\/index.php\/2024\/10\/27\/cineforum-hui-a-la-vall-duixo-projeccio-i-colloqui-sobre-la-pellicula-no-soy-un-hombre-facil\/","title":{"rendered":"Cinef\u00f2rum hui a la Vall d&#8217;Uix\u00f3: Projecci\u00f3 i col\u00b7loqui sobre la pel\u00b7l\u00edcula &#8216;No soy un hombre f\u00e1cil&#8217;"},"content":{"rendered":"\n<p>Aquesta vesprada a les 18 hores la Biblioteca Municipal de la Vall d&#8217;Uix\u00f3 acollir\u00e0 una sessi\u00f3 de cinef\u00f2rum amb la projecci\u00f3 de la pel\u00b7l\u00edcula &#8216;No soy un hombre f\u00e1cil&#8217;. Despr\u00e9s de la projecci\u00f3, tindr\u00e0 lloc un col\u00b7loqui dirigit pel psic\u00f2leg i professor honorari de la Universitat de Val\u00e8ncia, \u00c1ngel Latorre Latorre.<\/p>\n\n\n\n<p>L&#8217;entrada \u00e9s lliure i gratu\u00efta per a totes les persones que vulguen assistir a l&#8217;acte. Aquesta activitat est\u00e0 organitzada per l&#8217;Associaci\u00f3 de Dones Clara Campoamor i compta amb la col\u00b7laboraci\u00f3 de l&#8217;Ajuntament de la Vall d&#8217;Uix\u00f3.<\/p>\n\n\n\n<p>Es tracta d&#8217;una oportunitat per reflexionar sobre temes relacionats amb el g\u00e8nere i els rols socials, a trav\u00e9s d&#8217;una proposta cinematogr\u00e0fica que inverteix els estereotips de la societat patriarcal.<\/p>\n","protected":false},"excerpt":{"rendered":"<p>Aquesta vesprada a les 18 hores la Biblioteca Municipal de la Vall d&#8217;Uix\u00f3 acollir\u00e0 una sessi\u00f3 de cinef\u00f2rum amb la projecci\u00f3 de la pel\u00b7l\u00edcula &#8216;No soy un hombre f\u00e1cil&#8217;. Despr\u00e9s de la projecci\u00f3, tindr\u00e0 lloc un col\u00b7loqui dirigit pel psic\u00f2leg i professor honorari de la Universitat de Val\u00e8ncia, \u00c1ngel Latorre Latorre. L&#8217;entrada \u00e9s lliure i &#8230; <a title=\"Cinef\u00f2rum hui a la Vall d&#8217;Uix\u00f3: Projecci\u00f3 i col\u00b7loqui sobre la pel\u00b7l\u00edcula &#8216;No soy un hombre f\u00e1cil&#8217;\" class=\"read-more\" href=\"https:\/\/elcafedepipa.com\/index.php\/2024\/10\/27\/cineforum-hui-a-la-vall-duixo-projeccio-i-colloqui-sobre-la-pellicula-no-soy-un-hombre-facil\/\" aria-label=\"M\u00e9s informaci\u00f3 sobre Cinef\u00f2rum hui a la Vall d&#8217;Uix\u00f3: Projecci\u00f3 i col\u00b7loqui sobre la pel\u00b7l\u00edcula &#8216;No soy un hombre f\u00e1cil&#8217;\">Read more<\/a><\/p>\n","protected":false},"author":2,"featured_media":0,"comment_status":"closed","ping_status":"closed","sticky":false,"template":"","format":"standard","meta":{"om_disable_all_campaigns":false,"_monsterinsights_skip_tracking":false,"_monsterinsights_sitenote_active":false,"_monsterinsights_sitenote_note":"","_monsterinsights_sitenote_category":0,"_uf_show_specific_survey":0,"_uf_disable_surveys":false,"footnotes":""},"categories":[2],"tags":[],"class_list":["post-7353","post","type-post","status-publish","format-standard","hentry","category-lavallduixo"],"_links":{"self":[{"href":"https:\/\/elcafedepipa.com\/index.php\/wp-json\/wp\/v2\/posts\/7353","targetHints":{"allow":["GET"]}}],"collection":[{"href":"https:\/\/elcafedepipa.com\/index.php\/wp-json\/wp\/v2\/posts"}],"about":[{"href":"https:\/\/elcafedepipa.com\/index.php\/wp-json\/wp\/v2\/types\/post"}],"author":[{"embeddable":true,"href":"https:\/\/elcafedepipa.com\/index.php\/wp-json\/wp\/v2\/users\/2"}],"replies":[{"embeddable":true,"href":"https:\/\/elcafedepipa.com\/index.php\/wp-json\/wp\/v2\/comments?post=7353"}],"version-history":[{"count":0,"href":"https:\/\/elcafedepipa.com\/index.php\/wp-json\/wp\/v2\/posts\/7353\/revisions"}],"wp:attachment":[{"href":"https:\/\/elcafedepipa.com\/index.php\/wp-json\/wp\/v2\/media?parent=7353"}],"wp:term":[{"taxonomy":"category","embeddable":true,"href":"https:\/\/elcafedepipa.com\/index.php\/wp-json\/wp\/v2\/categories?post=7353"},{"taxonomy":"post_tag","embeddable":true,"href":"https:\/\/elcafedepipa.com\/index.php\/wp-json\/wp\/v2\/tags?post=7353"}],"curies":[{"name":"wp","href":"https:\/\/api.w.org\/{rel}","templated":true}]}}