{"id":7339,"date":"2024-10-26T09:30:00","date_gmt":"2024-10-26T07:30:00","guid":{"rendered":"https:\/\/elcafedepipa.com\/?p=7339"},"modified":"2024-10-25T12:37:25","modified_gmt":"2024-10-25T10:37:25","slug":"la-vall-duixo-impulsa-el-comerc-local-amb-la-tercera-edicio-de-la-campanya-rasca-i-guanya-amb-endavant","status":"publish","type":"post","link":"https:\/\/elcafedepipa.com\/index.php\/2024\/10\/26\/la-vall-duixo-impulsa-el-comerc-local-amb-la-tercera-edicio-de-la-campanya-rasca-i-guanya-amb-endavant\/","title":{"rendered":"La Vall d\u2019Uix\u00f3 impulsa el comer\u00e7 local amb la tercera edici\u00f3 de la campanya \u2018Rasca i guanya amb Endavant\u2019"},"content":{"rendered":"\n<p>Aquesta setmana el sal\u00f3 de plens de l\u2019Ajuntament de la Vall d\u2019Uix\u00f3 ha acollit la presentaci\u00f3 de la tercera edici\u00f3 de la campanya \u2018Rasca i guanya amb Endavant\u2019, organitzada per l\u2019associaci\u00f3 comercial de la ciutat. Fins al 24 de novembre, les persones que realitzen compres o contracten serveis per un valor superior a 10 euros rebran una targeta rasca amb premis.<\/p>\n\n\n\n<p>La iniciativa ofereix un total de 5.000 euros en xecs regal (500 de 10 euros cadascun) i 300 regals sorpresa. Mati Mart\u00ednez, representant d\u2019Endavant, ha explicat que l\u2019objectiu \u00e9s \u201cincentivar el consum local\u201d i \u201cpremiar la fidelitat dels nostres clients i clientes\u201d.<\/p>\n\n\n\n<p>El regidor de Comer\u00e7, Fernando Dar\u00f2s, ha destacat el suport de l\u2019Ajuntament a les associacions comercials locals i ha animat la ciutadania a \u201ccomprar i consumir en els negocis locals per defensar el comer\u00e7 de proximitat i contribuir a l\u2019economia i la vida de la Vall\u201d.<\/p>\n\n\n\n<p><\/p>\n","protected":false},"excerpt":{"rendered":"<p>Aquesta setmana el sal\u00f3 de plens de l\u2019Ajuntament de la Vall d\u2019Uix\u00f3 ha acollit la presentaci\u00f3 de la tercera edici\u00f3 de la campanya \u2018Rasca i guanya amb Endavant\u2019, organitzada per l\u2019associaci\u00f3 comercial de la ciutat. Fins al 24 de novembre, les persones que realitzen compres o contracten serveis per un valor superior a 10 euros &#8230; <a title=\"La Vall d\u2019Uix\u00f3 impulsa el comer\u00e7 local amb la tercera edici\u00f3 de la campanya \u2018Rasca i guanya amb Endavant\u2019\" class=\"read-more\" href=\"https:\/\/elcafedepipa.com\/index.php\/2024\/10\/26\/la-vall-duixo-impulsa-el-comerc-local-amb-la-tercera-edicio-de-la-campanya-rasca-i-guanya-amb-endavant\/\" aria-label=\"M\u00e9s informaci\u00f3 sobre La Vall d\u2019Uix\u00f3 impulsa el comer\u00e7 local amb la tercera edici\u00f3 de la campanya \u2018Rasca i guanya amb Endavant\u2019\">Read more<\/a><\/p>\n","protected":false},"author":2,"featured_media":0,"comment_status":"closed","ping_status":"closed","sticky":false,"template":"","format":"standard","meta":{"om_disable_all_campaigns":false,"_monsterinsights_skip_tracking":false,"_monsterinsights_sitenote_active":false,"_monsterinsights_sitenote_note":"","_monsterinsights_sitenote_category":0,"_uf_show_specific_survey":0,"_uf_disable_surveys":false,"footnotes":""},"categories":[2],"tags":[],"class_list":["post-7339","post","type-post","status-publish","format-standard","hentry","category-lavallduixo"],"_links":{"self":[{"href":"https:\/\/elcafedepipa.com\/index.php\/wp-json\/wp\/v2\/posts\/7339","targetHints":{"allow":["GET"]}}],"collection":[{"href":"https:\/\/elcafedepipa.com\/index.php\/wp-json\/wp\/v2\/posts"}],"about":[{"href":"https:\/\/elcafedepipa.com\/index.php\/wp-json\/wp\/v2\/types\/post"}],"author":[{"embeddable":true,"href":"https:\/\/elcafedepipa.com\/index.php\/wp-json\/wp\/v2\/users\/2"}],"replies":[{"embeddable":true,"href":"https:\/\/elcafedepipa.com\/index.php\/wp-json\/wp\/v2\/comments?post=7339"}],"version-history":[{"count":0,"href":"https:\/\/elcafedepipa.com\/index.php\/wp-json\/wp\/v2\/posts\/7339\/revisions"}],"wp:attachment":[{"href":"https:\/\/elcafedepipa.com\/index.php\/wp-json\/wp\/v2\/media?parent=7339"}],"wp:term":[{"taxonomy":"category","embeddable":true,"href":"https:\/\/elcafedepipa.com\/index.php\/wp-json\/wp\/v2\/categories?post=7339"},{"taxonomy":"post_tag","embeddable":true,"href":"https:\/\/elcafedepipa.com\/index.php\/wp-json\/wp\/v2\/tags?post=7339"}],"curies":[{"name":"wp","href":"https:\/\/api.w.org\/{rel}","templated":true}]}}