{"id":7276,"date":"2024-10-24T12:42:16","date_gmt":"2024-10-24T10:42:16","guid":{"rendered":"https:\/\/elcafedepipa.com\/?p=7276"},"modified":"2024-10-24T12:42:18","modified_gmt":"2024-10-24T10:42:18","slug":"la-plaga-del-trips-sud-africa-afecta-ja-quasi-la-meitat-de-la-collita-de-magrana-a-la-comunitat-valenciana-amb-perdues-de-mes-de-15-milions-deuros","status":"publish","type":"post","link":"https:\/\/elcafedepipa.com\/index.php\/2024\/10\/24\/la-plaga-del-trips-sud-africa-afecta-ja-quasi-la-meitat-de-la-collita-de-magrana-a-la-comunitat-valenciana-amb-perdues-de-mes-de-15-milions-deuros\/","title":{"rendered":"La plaga del trips sud-afric\u00e0 afecta ja quasi la meitat de la collita de magrana a la Comunitat Valenciana, amb p\u00e8rdues de m\u00e9s de 15 milions d&#8217;euros"},"content":{"rendered":"\n<p><strong>LA UNI\u00d3 reclama ajudes directes a la Conselleria i que s&#8217;autoritze l&#8217;\u00fas excepcional de mat\u00e8ries actives per al control i erradicaci\u00f3 d&#8217;aquesta plaga de quarantena<\/strong><\/p>\n\n\n\n<p>La Uni\u00f3 Llauradora estima que el trips de quarantena sud-afric\u00e0 Scirtothrips aurantii Faure provoca ja danys en quasi la meitat de la collita de magrana de la Comunitat Valenciana en aquesta campanya i unes p\u00e8rdues directes superiors als 15 milions d&#8217;euros.<\/p>\n\n\n\n<p>En permanent contacte amb llauradors afectats i despr\u00e9s de visitar els camps amb incid\u00e8ncia del trips, l&#8217;organitzaci\u00f3 agr\u00e0ria estima que els danys arriben ja al 50% de la producci\u00f3 de la campanya de la Comunitat Valenciana, unes 30.000 tones, de les quals la pr\u00e0ctica totalitat se situen a la prov\u00edncia d&#8217;Alacant.<\/p>\n\n\n\n<p>El rebuig \u00e9s molt m\u00e9s rellevant perqu\u00e8 la majoria de la producci\u00f3 que es rebutja per a comercialitzar est\u00e0 emparada per les normes comercialitzadores del CRDOP Granada d&#8217;Elx, on s&#8217;apliquen uns estrictes requisits de qualitat tant externa com interna a l&#8217;hora de traure als mercats aquestes magranes. La fruita afectada pel trips va directament a la ind\u00fastria i es paga a 0,13-0,14 \u20ac\/kg, mentre el preu en camp de la qual no t\u00e9 danys a 0,40-0,60 \u20ac\/kg, depenent de si \u00e9s de primera o segona, per la qual cosa la p\u00e8rdua de la qual va a ind\u00fastria \u00e9s considerable.<\/p>\n\n\n\n<p>En el magraner, els danys provocats per aquest nou trips s\u00f3n similars als observats en c\u00edtrics. En les fulles, causa taques platejades i cicatrius a causa de l&#8217;alimentaci\u00f3 de larves i adults, que raspen les c\u00e8l\u00b7lules epid\u00e8rmiques. En els fruits, produeix taques platejades, cicatrius i deformacions que afecten la qualitat comercial. En els brots joves, pot provocar necrosis i caiguda prematura de fulles si la infestaci\u00f3 \u00e9s alta. Es tracta d&#8217;una plaga molt pol\u00edfaga que provoca grans danys en les parcel\u00b7les infectades i que s&#8217;ha est\u00e9s per la Comunitat Valenciana d&#8217;una forma alarmant i desconeguda fins al moment.<\/p>\n\n\n\n<p><strong>Ajuda directa i autoritzaci\u00f3 excepcional de mat\u00e8ries actives<\/strong><\/p>\n\n\n\n<p>LA UNI\u00d3 ha demanat a la Conselleria d&#8217;Agricultura que habilite una ajuda extraordin\u00e0ria directa que cobrisca la p\u00e8rdua d&#8217;ingressos dels productors de magrana. \u201cCal tindre en compte que els llauradors no han tingut cap responsabilitat en l&#8217;aparici\u00f3 d&#8217;aquest nou trips en les seues explotacions, per\u00f2 s\u00ed que estan assumint \u00edntegrament no sols els danys directes en la seua producci\u00f3, sin\u00f3 tamb\u00e9 un increment important de costos\u201d, indica LA UNI\u00d3.<\/p>\n\n\n\n<p>L&#8217;organitzaci\u00f3 ha instat aix\u00ed mateix la Conselleria d&#8217;Agricultura que sol\u00b7licite al Ministeri l&#8217;autoritzaci\u00f3 excepcional i urgent de l&#8217;\u00fas de mat\u00e8ries actives eficaces contra Scirtothrips aurantii Faure en el cultiu del magraner i, entre elles, el Spinosad. \u00c9s important assenyalar que la Resoluci\u00f3 del 28 de maig de 2024 ja va modificar l&#8217;autoritzaci\u00f3 excepcional del 24 de maig de 2024, permetent la comercialitzaci\u00f3 i \u00fas de fitosanitaris a base de Spinosad 48% [SC] p\/v per al control de Scirtothrips aurantii en caqui. Per aix\u00f2 LA UNI\u00d3 considera que hauria de modificar-se novament per a incloure al magraner.<\/p>\n\n\n\n<p>Tamb\u00e9 demana LA UNI\u00d3 que s\u2019augmenten els recursos per a con\u00e9ixer l&#8217;agent causal i la manera de combatre un problema de pudrici\u00f3 o pardeament dels arilos interns de la magrana, la causa de la qual es desconeix. Aquest fenomen, que afecta la qualitat comercial del fruit en els dos \u00faltims anys, ha generat preocupaci\u00f3 en el sector productiu, per la qual cosa s&#8217;insisteix des de LA UNI\u00d3 en la import\u00e0ncia que la Conselleria dispose dels recursos t\u00e8cnics i cient\u00edfics necessaris per a identificar l&#8217;origen d&#8217;aquest greu problema i desenvolupar les solucions adequades per a previndre&#8217;l en futures campanyes.<\/p>\n\n\n\n<p>Les dades de 2023 indiquen que hi ha un total de 3.516 hect\u00e0rees cultivades de magrana en la Comunitat Valenciana, de les quals el 83% estan localitzades a la prov\u00edncia d&#8217;Alacant. Aquesta superf\u00edcie representa el 76% de la superf\u00edcie total de magranes de l&#8217;Estat espanyol.<\/p>\n\n\n\n<p>Enguany s&#8217;espera una producci\u00f3 potencial en la Comunitat Valenciana de magrana d&#8217;unes 65.000 tones. La producci\u00f3 emparada en la DOP Granada d&#8217;Elx representa al voltant del 70% de la producci\u00f3 total d&#8217;Alacant. En el Consell Regulador formen part m\u00e9s de 500 productors que cultiven i comercialitzen les seues magranes en la zona emparada per la DOP, concretament a les comarques de l&#8217;Alacant\u00ed, Vega Baja i Baix Vinalop\u00f3.<\/p>\n\n\n\n<p><\/p>\n","protected":false},"excerpt":{"rendered":"<p>LA UNI\u00d3 reclama ajudes directes a la Conselleria i que s&#8217;autoritze l&#8217;\u00fas excepcional de mat\u00e8ries actives per al control i erradicaci\u00f3 d&#8217;aquesta plaga de quarantena La Uni\u00f3 Llauradora estima que el trips de quarantena sud-afric\u00e0 Scirtothrips aurantii Faure provoca ja danys en quasi la meitat de la collita de magrana de la Comunitat Valenciana en &#8230; <a title=\"La plaga del trips sud-afric\u00e0 afecta ja quasi la meitat de la collita de magrana a la Comunitat Valenciana, amb p\u00e8rdues de m\u00e9s de 15 milions d&#8217;euros\" class=\"read-more\" href=\"https:\/\/elcafedepipa.com\/index.php\/2024\/10\/24\/la-plaga-del-trips-sud-africa-afecta-ja-quasi-la-meitat-de-la-collita-de-magrana-a-la-comunitat-valenciana-amb-perdues-de-mes-de-15-milions-deuros\/\" aria-label=\"M\u00e9s informaci\u00f3 sobre La plaga del trips sud-afric\u00e0 afecta ja quasi la meitat de la collita de magrana a la Comunitat Valenciana, amb p\u00e8rdues de m\u00e9s de 15 milions d&#8217;euros\">Read more<\/a><\/p>\n","protected":false},"author":2,"featured_media":0,"comment_status":"closed","ping_status":"closed","sticky":false,"template":"","format":"standard","meta":{"om_disable_all_campaigns":false,"_monsterinsights_skip_tracking":false,"_monsterinsights_sitenote_active":false,"_monsterinsights_sitenote_note":"","_monsterinsights_sitenote_category":0,"_uf_show_specific_survey":0,"_uf_disable_surveys":false,"footnotes":""},"categories":[11],"tags":[],"class_list":["post-7276","post","type-post","status-publish","format-standard","hentry","category-comunitatvalenciana"],"_links":{"self":[{"href":"https:\/\/elcafedepipa.com\/index.php\/wp-json\/wp\/v2\/posts\/7276","targetHints":{"allow":["GET"]}}],"collection":[{"href":"https:\/\/elcafedepipa.com\/index.php\/wp-json\/wp\/v2\/posts"}],"about":[{"href":"https:\/\/elcafedepipa.com\/index.php\/wp-json\/wp\/v2\/types\/post"}],"author":[{"embeddable":true,"href":"https:\/\/elcafedepipa.com\/index.php\/wp-json\/wp\/v2\/users\/2"}],"replies":[{"embeddable":true,"href":"https:\/\/elcafedepipa.com\/index.php\/wp-json\/wp\/v2\/comments?post=7276"}],"version-history":[{"count":0,"href":"https:\/\/elcafedepipa.com\/index.php\/wp-json\/wp\/v2\/posts\/7276\/revisions"}],"wp:attachment":[{"href":"https:\/\/elcafedepipa.com\/index.php\/wp-json\/wp\/v2\/media?parent=7276"}],"wp:term":[{"taxonomy":"category","embeddable":true,"href":"https:\/\/elcafedepipa.com\/index.php\/wp-json\/wp\/v2\/categories?post=7276"},{"taxonomy":"post_tag","embeddable":true,"href":"https:\/\/elcafedepipa.com\/index.php\/wp-json\/wp\/v2\/tags?post=7276"}],"curies":[{"name":"wp","href":"https:\/\/api.w.org\/{rel}","templated":true}]}}