{"id":7271,"date":"2024-10-24T12:29:29","date_gmt":"2024-10-24T10:29:29","guid":{"rendered":"https:\/\/elcafedepipa.com\/?p=7271"},"modified":"2024-10-24T12:29:31","modified_gmt":"2024-10-24T10:29:31","slug":"audio-la-diputacio-de-castello-augmenta-el-fons-de-cooperacio-contra-la-despoblacio-amb-una-inversio-de-32-milions-deuros","status":"publish","type":"post","link":"https:\/\/elcafedepipa.com\/index.php\/2024\/10\/24\/audio-la-diputacio-de-castello-augmenta-el-fons-de-cooperacio-contra-la-despoblacio-amb-una-inversio-de-32-milions-deuros\/","title":{"rendered":"\u00c0udio | La Diputaci\u00f3 de Castell\u00f3 augmenta el Fons de Cooperaci\u00f3 contra la despoblaci\u00f3 amb una inversi\u00f3 de 3,2 milions d&#8217;euros"},"content":{"rendered":"\n<p><strong>El pressupost que destina la instituci\u00f3 provincial al fons suma 1,2 milions d&#8217;euros m\u00e9s respecte al 2023 i la inversi\u00f3 total s&#8217;incrementa un 63%<\/strong><\/p>\n\n\n\n<p>La Diputaci\u00f3 Provincial de Castell\u00f3 ha anunciat un increment significatiu en la seua lluita contra la despoblaci\u00f3, amb una inversi\u00f3 de 3,2 milions d&#8217;euros per al 2024, destinats al Fons de Cooperaci\u00f3 Municipal.&nbsp;Aquest&nbsp;fons, que augmenta en 1,2 milions respecte a l&#8217;exercici anterior, beneficiar\u00e0 88 municipis de la prov\u00edncia, quatre m\u00e9s que en 2023, amb un increment del 63%. La presidenta de la instituci\u00f3, Marta&nbsp;Barrachina, ha destacat que l&#8217;objectiu \u00e9s dotar els municipis m\u00e9s xicotets de recursos per millorar els seus serveis i combatre la despoblaci\u00f3, especialment a les zones d&#8217;interior.<br><br>El fons, que ascendir\u00e0 a un total de 3.193.437,72 euros, es complementar\u00e0 amb l&#8217;ajuda de la Generalitat Valenciana, aconseguint un total de 6.386.875,44 euros per al 2024, gaireb\u00e9 2,5 milions m\u00e9s que en 2023.&nbsp;Aquests&nbsp;recursos financers estan dissenyats per ajudar els municipis amb una poblaci\u00f3 inferior a 300 habitants o aquells que&nbsp;compleixen&nbsp;certs requisits de risc de despoblaci\u00f3, com la densitat de poblaci\u00f3, l&#8217;envelliment i la taxa migrat\u00f2ria.<br><\/p>\n\n\n\n<p>La relaci\u00f3 de municipis de la prov\u00edncia de Castell\u00f3 beneficiaris del Fons de Cooperaci\u00f3 Municipal per a la Lluita contra la Despoblaci\u00f3 \u00e9s la seg\u00fcent: A\u00edn, Alboc\u00e0sser, Alcudia de Veo, Algimia de Almonacid, Almed\u00edjar, Ara\u00f1uel, Ares del Maestrat, Argelita, Atzeneta del Maestrat, Ay\u00f3dar, Azu\u00e9bar, Barracas, Bej\u00eds, Benafer, Benafigos, Benassal, Canet lo Roig, Castell de Cabres, Castellfort, Castellnovo, Castillo de Villamalefa, Cat\u00ed, Caudiel, Cervera del Maestre, Ch\u00f3var, Cinctorres, Cirat, Cortes de Arenoso, les Coves de Vinrom\u00e0, Culla, Espadilla, Fanzara, Forcall, Fuente la Reina, Fuentes de Ay\u00f3dar, Gaibiel, Geldo, Herb\u00e9s, Higueras, La Jana, Llucena, Ludiente, La Mata de Morella, Matet, Mont\u00e1n, Montanejos, Morella, Olocau del Rey, Palanques, Pav\u00edas, Pina de Montalgrao, la Pobla de Benifass\u00e0, Portell de Morella, Puebla de Arenoso, Rossell, Saca\u00f1et, Santa Magdalena de Pulpis, la Salzadella, la Serratella, Sierra Engarcer\u00e1n, Sorita, Suera, Teresa, T\u00edrig, Todolella, Toga, Tor\u00e1s, el Toro, Torralba del Pinar, la Torre d&#8217;en Besora, la Torre d&#8217;en Dom\u00e9nec, Torrechiva, Traiguera, les Useres, Vall d&#8217;Almonesir, Vallat, Vallibona, Vilafranca, Vilanova d&#8217;Alcolea, Vilar de Canes, Villahermosa del R\u00edo, Villamalur, Villanueva de Viver, Villores, Vistabella del Maestrat, Xert, Xodos, i Zucaina.<\/p>\n\n\n\n<p>\u201cDes de la Diputaci\u00f3 de Castell\u00f3 continuarem conjuminant esfor\u00e7os per a impulsar accions que generen oportunitats i afavorisquen l&#8217;impuls econ\u00f2mic i el desenvolpament del conjunt de la prov\u00edncia, i millorar aix\u00ed la qualitat de vida de tots els ve\u00efns, sobretot en els municipis m\u00e9s xicotets, la ra\u00f3 de ser d&#8217;esta instituci\u00f3\u201d, ha concl\u00f2s la presidenta Marta Barrachina.<\/p>\n\n\n\n<figure class=\"wp-block-audio\"><audio controls src=\"https:\/\/elcafedepipa.com\/wp-content\/uploads\/2024\/10\/Presidenta-Marta-Barrachina-Fondo-Despoblacion.mp3\"><\/audio><\/figure>\n","protected":false},"excerpt":{"rendered":"<p>El pressupost que destina la instituci\u00f3 provincial al fons suma 1,2 milions d&#8217;euros m\u00e9s respecte al 2023 i la inversi\u00f3 total s&#8217;incrementa un 63% La Diputaci\u00f3 Provincial de Castell\u00f3 ha anunciat un increment significatiu en la seua lluita contra la despoblaci\u00f3, amb una inversi\u00f3 de 3,2 milions d&#8217;euros per al 2024, destinats al Fons de &#8230; <a title=\"\u00c0udio | La Diputaci\u00f3 de Castell\u00f3 augmenta el Fons de Cooperaci\u00f3 contra la despoblaci\u00f3 amb una inversi\u00f3 de 3,2 milions d&#8217;euros\" class=\"read-more\" href=\"https:\/\/elcafedepipa.com\/index.php\/2024\/10\/24\/audio-la-diputacio-de-castello-augmenta-el-fons-de-cooperacio-contra-la-despoblacio-amb-una-inversio-de-32-milions-deuros\/\" aria-label=\"M\u00e9s informaci\u00f3 sobre \u00c0udio | La Diputaci\u00f3 de Castell\u00f3 augmenta el Fons de Cooperaci\u00f3 contra la despoblaci\u00f3 amb una inversi\u00f3 de 3,2 milions d&#8217;euros\">Read more<\/a><\/p>\n","protected":false},"author":2,"featured_media":0,"comment_status":"closed","ping_status":"closed","sticky":false,"template":"","format":"standard","meta":{"om_disable_all_campaigns":false,"_monsterinsights_skip_tracking":false,"_monsterinsights_sitenote_active":false,"_monsterinsights_sitenote_note":"","_monsterinsights_sitenote_category":0,"_uf_show_specific_survey":0,"_uf_disable_surveys":false,"footnotes":""},"categories":[10],"tags":[],"class_list":["post-7271","post","type-post","status-publish","format-standard","hentry","category-provinciadecastello"],"_links":{"self":[{"href":"https:\/\/elcafedepipa.com\/index.php\/wp-json\/wp\/v2\/posts\/7271","targetHints":{"allow":["GET"]}}],"collection":[{"href":"https:\/\/elcafedepipa.com\/index.php\/wp-json\/wp\/v2\/posts"}],"about":[{"href":"https:\/\/elcafedepipa.com\/index.php\/wp-json\/wp\/v2\/types\/post"}],"author":[{"embeddable":true,"href":"https:\/\/elcafedepipa.com\/index.php\/wp-json\/wp\/v2\/users\/2"}],"replies":[{"embeddable":true,"href":"https:\/\/elcafedepipa.com\/index.php\/wp-json\/wp\/v2\/comments?post=7271"}],"version-history":[{"count":0,"href":"https:\/\/elcafedepipa.com\/index.php\/wp-json\/wp\/v2\/posts\/7271\/revisions"}],"wp:attachment":[{"href":"https:\/\/elcafedepipa.com\/index.php\/wp-json\/wp\/v2\/media?parent=7271"}],"wp:term":[{"taxonomy":"category","embeddable":true,"href":"https:\/\/elcafedepipa.com\/index.php\/wp-json\/wp\/v2\/categories?post=7271"},{"taxonomy":"post_tag","embeddable":true,"href":"https:\/\/elcafedepipa.com\/index.php\/wp-json\/wp\/v2\/tags?post=7271"}],"curies":[{"name":"wp","href":"https:\/\/api.w.org\/{rel}","templated":true}]}}