{"id":7262,"date":"2024-10-24T12:21:20","date_gmt":"2024-10-24T10:21:20","guid":{"rendered":"https:\/\/elcafedepipa.com\/?p=7262"},"modified":"2024-10-24T12:21:21","modified_gmt":"2024-10-24T10:21:21","slug":"audio-el-pspv-psoe-acusa-el-consell-del-pp-de-donar-ajudes-irrisories-als-agricultors-i-ramaders-davant-lextrema-sequera","status":"publish","type":"post","link":"https:\/\/elcafedepipa.com\/index.php\/2024\/10\/24\/audio-el-pspv-psoe-acusa-el-consell-del-pp-de-donar-ajudes-irrisories-als-agricultors-i-ramaders-davant-lextrema-sequera\/","title":{"rendered":"\u00c0udio | El PSPV-PSOE acusa el Consell del PP de donar ajudes &#8220;irris\u00f2ries&#8221; als agricultors i ramaders davant l&#8217;extrema sequera"},"content":{"rendered":"\n<p><strong>Ana Besalduch acusa el PP de \u201criure&#8217;s del sector primari valenci\u00e0\u201d i critica que les subvencions no cobreixen ni des de lluny les p\u00e8rdues per la falta d&#8217;aigua i els problemes estructurals<\/strong><\/p>\n\n\n\n<p>El PSPV-PSOE ha criticat durament el Consell, presidit pel Partit Popular, per &#8220;repartir mis\u00e8ria&#8221; entre els agricultors i ramaders de la Comunitat Valenciana amb ajudes que, segons denuncien, s\u00f3n &#8220;irris\u00f2ries&#8221; i que&nbsp;en la seua majoria&nbsp;no arriben als 300 euros per sol\u00b7licitant. La portaveu d&#8217;Agricultura a les Corts,&nbsp;Ana&nbsp;Besalduch, ha carregat especialment contra el president Carlos Maz\u00f3n i el conseller d&#8217;Agricultura,&nbsp;Miguel&nbsp;Barrachina, afirmant que &#8220;s&#8217;estan rient del sector primari valenci\u00e0 i castellonenc&#8221; amb unes ajudes &#8220;incomprensibles&#8221;.<\/p>\n\n\n\n<p>Segons&nbsp;Besalduch, \u201cles xifres de la Conselleria nom\u00e9s fan vergonya\u201d, ja que &#8220;m\u00e9s de 22.000 agricultors rebran poc m\u00e9s de 600 euros en total&#8221;. La diputada per Castell\u00f3 considera que &#8220;amb eixa quantitat no es pot fer res&#8221;, i ha assenyalat que no cobrir\u00e0 les p\u00e8rdues per la sequera ni ajudar\u00e0 a pal\u00b7liar la crisi de rendibilitat que&nbsp;pateix&nbsp;el sector.<\/p>\n\n\n\n<p>A m\u00e9s, la representant socialista ha denunciat que&nbsp;aquestes&nbsp;ajudes &#8220;no s\u00f3n extraordin\u00e0ries&#8221;, com pret\u00e9n fer veure el Consell, ja que &#8220;provenen d&#8217;altres l\u00ednies d&#8217;ajudes que han sigut eliminades, deixant molts col\u00b7lectius en una situaci\u00f3 cr\u00edtica&#8221;.<\/p>\n\n\n\n<p>Besalduch&nbsp;ha concl\u00f2s que el govern del PP \u201ctorna a arribar tard i malament\u201d i que aix\u00f2 evidencia que &#8220;no valoren el treball que fan els agricultors i ramaders a la Comunitat Valenciana ni el seu paper en l&#8217;economia de les comarques d&#8217;interior&#8221;. La socialista ha destacat el &#8220;desinter\u00e9s&#8221; del Consell per solucionar els problemes estructurals del sector agrari i ramader valenci\u00e0.<\/p>\n\n\n\n<figure class=\"wp-block-audio\"><audio controls src=\"https:\/\/elcafedepipa.com\/wp-content\/uploads\/2024\/10\/241024-Ana-Besalduch-Ayudas-Agricultura.mp3\"><\/audio><\/figure>\n","protected":false},"excerpt":{"rendered":"<p>Ana Besalduch acusa el PP de \u201criure&#8217;s del sector primari valenci\u00e0\u201d i critica que les subvencions no cobreixen ni des de lluny les p\u00e8rdues per la falta d&#8217;aigua i els problemes estructurals El PSPV-PSOE ha criticat durament el Consell, presidit pel Partit Popular, per &#8220;repartir mis\u00e8ria&#8221; entre els agricultors i ramaders de la Comunitat Valenciana &#8230; <a title=\"\u00c0udio | El PSPV-PSOE acusa el Consell del PP de donar ajudes &#8220;irris\u00f2ries&#8221; als agricultors i ramaders davant l&#8217;extrema sequera\" class=\"read-more\" href=\"https:\/\/elcafedepipa.com\/index.php\/2024\/10\/24\/audio-el-pspv-psoe-acusa-el-consell-del-pp-de-donar-ajudes-irrisories-als-agricultors-i-ramaders-davant-lextrema-sequera\/\" aria-label=\"M\u00e9s informaci\u00f3 sobre \u00c0udio | El PSPV-PSOE acusa el Consell del PP de donar ajudes &#8220;irris\u00f2ries&#8221; als agricultors i ramaders davant l&#8217;extrema sequera\">Read more<\/a><\/p>\n","protected":false},"author":2,"featured_media":0,"comment_status":"closed","ping_status":"closed","sticky":false,"template":"","format":"standard","meta":{"om_disable_all_campaigns":false,"_monsterinsights_skip_tracking":false,"_monsterinsights_sitenote_active":false,"_monsterinsights_sitenote_note":"","_monsterinsights_sitenote_category":0,"_uf_show_specific_survey":0,"_uf_disable_surveys":false,"footnotes":""},"categories":[11],"tags":[],"class_list":["post-7262","post","type-post","status-publish","format-standard","hentry","category-comunitatvalenciana"],"_links":{"self":[{"href":"https:\/\/elcafedepipa.com\/index.php\/wp-json\/wp\/v2\/posts\/7262","targetHints":{"allow":["GET"]}}],"collection":[{"href":"https:\/\/elcafedepipa.com\/index.php\/wp-json\/wp\/v2\/posts"}],"about":[{"href":"https:\/\/elcafedepipa.com\/index.php\/wp-json\/wp\/v2\/types\/post"}],"author":[{"embeddable":true,"href":"https:\/\/elcafedepipa.com\/index.php\/wp-json\/wp\/v2\/users\/2"}],"replies":[{"embeddable":true,"href":"https:\/\/elcafedepipa.com\/index.php\/wp-json\/wp\/v2\/comments?post=7262"}],"version-history":[{"count":0,"href":"https:\/\/elcafedepipa.com\/index.php\/wp-json\/wp\/v2\/posts\/7262\/revisions"}],"wp:attachment":[{"href":"https:\/\/elcafedepipa.com\/index.php\/wp-json\/wp\/v2\/media?parent=7262"}],"wp:term":[{"taxonomy":"category","embeddable":true,"href":"https:\/\/elcafedepipa.com\/index.php\/wp-json\/wp\/v2\/categories?post=7262"},{"taxonomy":"post_tag","embeddable":true,"href":"https:\/\/elcafedepipa.com\/index.php\/wp-json\/wp\/v2\/tags?post=7262"}],"curies":[{"name":"wp","href":"https:\/\/api.w.org\/{rel}","templated":true}]}}