{"id":7258,"date":"2024-10-24T12:16:50","date_gmt":"2024-10-24T10:16:50","guid":{"rendered":"https:\/\/elcafedepipa.com\/?p=7258"},"modified":"2024-10-24T12:16:51","modified_gmt":"2024-10-24T10:16:51","slug":"audio-el-partit-popular-de-la-vall-duixo-insta-lequip-de-govern-a-solucionar-els-problemes-dilluminacio-publica","status":"publish","type":"post","link":"https:\/\/elcafedepipa.com\/index.php\/2024\/10\/24\/audio-el-partit-popular-de-la-vall-duixo-insta-lequip-de-govern-a-solucionar-els-problemes-dilluminacio-publica\/","title":{"rendered":"\u00c0udio | El Partit Popular de la Vall d&#8217;Uix\u00f3 insta l&#8217;equip de govern a solucionar els problemes d&#8217;il\u00b7luminaci\u00f3 p\u00fablica"},"content":{"rendered":"\n<p><strong>La regidora del PP en la Vall assegura \u201cque q\u00fcestions tan sensibles com garantir un servici b\u00e0sic com \u00e9s l&#8217;enllumenat p\u00fablic hauria de ser una prioritat\u201d. \u201cEls ve\u00efns paguen impostos per a rebre prestacions \u00f2ptimes, no prec\u00e0ries\u201d, afirma<\/strong><\/p>\n\n\n\n<p>El Partit Popular de la Vall d&#8217;Uix\u00f3 ha fet una crida a l&#8217;alcaldessa,&nbsp;Tania&nbsp;Ba\u00f1os, perqu\u00e8 \u201cisca al carrer i treballe per a resoldre els problemes dels ve\u00efns\u201d. Segons la regidora del PP, Marga Marco, \u201csi ocupa la presid\u00e8ncia de l&#8217;Ajuntament, \u00e9s per a escoltar els ciutadans i facilitar-los la vida\u201d.<\/p>\n\n\n\n<p>Marco&nbsp;ha&nbsp;realitzat&nbsp;aquestes&nbsp;declaracions en resposta a les queixes dels ve\u00efns sobre la falta d&#8217;il\u00b7luminaci\u00f3 en diversos sectors del municipi. \u201cGarantir un correcte enllumenat p\u00fablic i reposar les llumin\u00e0ries que no funcionen \u00e9s fonamental. Una bona il\u00b7luminaci\u00f3 \u00e9s sin\u00f2nim de seguretat\u201d, ha afirmat la regidora.<\/p>\n\n\n\n<p>La representant popular ha remarcat que \u201cno \u00e9s la primera vegada que traslladem&nbsp;aquesta&nbsp;queixa\u201d. \u201cHo hem fet en m\u00faltiples ocasions, per\u00f2 sembla que o b\u00e9 no ens escolten o no volen escoltar. Darrere d&#8217;aquestes&nbsp;demandes hi ha ciutadans que&nbsp;compleixen&nbsp;amb els seus tributs i que esperen rebre un servei tan eficient com ho s\u00f3n ells a l\u2019hora de complir amb les seues obligacions fiscals\u201d.<\/p>\n\n\n\n<p>Segons&nbsp;Marco, \u201cno \u00e9s acceptable que s&#8217;exigisca als ciutadans total dilig\u00e8ncia en el pagament dels impostos mentre l&#8217;alcaldia descuida la prestaci\u00f3 de serveis b\u00e0sics\u201d. En&nbsp;aquest&nbsp;sentit, ha animat&nbsp;Tania&nbsp;Ba\u00f1os&nbsp;a \u201ceixir del despatx i assegurar que els ciutadans reben els recursos \u00f2ptims que paguen i mereixen\u201d.&nbsp;Marco&nbsp;ha destacat que \u201chi ha barris sencers en penombra, llumin\u00e0ries pendents de reparaci\u00f3 i apagades constants que&nbsp;requereixen&nbsp;una inspecci\u00f3 detallada per a garantir un servei adequat a la poblaci\u00f3\u201d.<\/p>\n\n\n\n<figure class=\"wp-block-audio\"><audio controls src=\"https:\/\/elcafedepipa.com\/wp-content\/uploads\/2024\/10\/Audio-Marga-Marco-iluminacion.wav\"><\/audio><\/figure>\n","protected":false},"excerpt":{"rendered":"<p>La regidora del PP en la Vall assegura \u201cque q\u00fcestions tan sensibles com garantir un servici b\u00e0sic com \u00e9s l&#8217;enllumenat p\u00fablic hauria de ser una prioritat\u201d. \u201cEls ve\u00efns paguen impostos per a rebre prestacions \u00f2ptimes, no prec\u00e0ries\u201d, afirma El Partit Popular de la Vall d&#8217;Uix\u00f3 ha fet una crida a l&#8217;alcaldessa,&nbsp;Tania&nbsp;Ba\u00f1os, perqu\u00e8 \u201cisca al carrer &#8230; <a title=\"\u00c0udio | El Partit Popular de la Vall d&#8217;Uix\u00f3 insta l&#8217;equip de govern a solucionar els problemes d&#8217;il\u00b7luminaci\u00f3 p\u00fablica\" class=\"read-more\" href=\"https:\/\/elcafedepipa.com\/index.php\/2024\/10\/24\/audio-el-partit-popular-de-la-vall-duixo-insta-lequip-de-govern-a-solucionar-els-problemes-dilluminacio-publica\/\" aria-label=\"M\u00e9s informaci\u00f3 sobre \u00c0udio | El Partit Popular de la Vall d&#8217;Uix\u00f3 insta l&#8217;equip de govern a solucionar els problemes d&#8217;il\u00b7luminaci\u00f3 p\u00fablica\">Read more<\/a><\/p>\n","protected":false},"author":2,"featured_media":0,"comment_status":"closed","ping_status":"closed","sticky":false,"template":"","format":"standard","meta":{"om_disable_all_campaigns":false,"_monsterinsights_skip_tracking":false,"_monsterinsights_sitenote_active":false,"_monsterinsights_sitenote_note":"","_monsterinsights_sitenote_category":0,"_uf_show_specific_survey":0,"_uf_disable_surveys":false,"footnotes":""},"categories":[2],"tags":[],"class_list":["post-7258","post","type-post","status-publish","format-standard","hentry","category-lavallduixo"],"_links":{"self":[{"href":"https:\/\/elcafedepipa.com\/index.php\/wp-json\/wp\/v2\/posts\/7258","targetHints":{"allow":["GET"]}}],"collection":[{"href":"https:\/\/elcafedepipa.com\/index.php\/wp-json\/wp\/v2\/posts"}],"about":[{"href":"https:\/\/elcafedepipa.com\/index.php\/wp-json\/wp\/v2\/types\/post"}],"author":[{"embeddable":true,"href":"https:\/\/elcafedepipa.com\/index.php\/wp-json\/wp\/v2\/users\/2"}],"replies":[{"embeddable":true,"href":"https:\/\/elcafedepipa.com\/index.php\/wp-json\/wp\/v2\/comments?post=7258"}],"version-history":[{"count":0,"href":"https:\/\/elcafedepipa.com\/index.php\/wp-json\/wp\/v2\/posts\/7258\/revisions"}],"wp:attachment":[{"href":"https:\/\/elcafedepipa.com\/index.php\/wp-json\/wp\/v2\/media?parent=7258"}],"wp:term":[{"taxonomy":"category","embeddable":true,"href":"https:\/\/elcafedepipa.com\/index.php\/wp-json\/wp\/v2\/categories?post=7258"},{"taxonomy":"post_tag","embeddable":true,"href":"https:\/\/elcafedepipa.com\/index.php\/wp-json\/wp\/v2\/tags?post=7258"}],"curies":[{"name":"wp","href":"https:\/\/api.w.org\/{rel}","templated":true}]}}