{"id":7244,"date":"2024-10-24T08:59:06","date_gmt":"2024-10-24T06:59:06","guid":{"rendered":"https:\/\/elcafedepipa.com\/?p=7244"},"modified":"2024-10-24T08:59:07","modified_gmt":"2024-10-24T06:59:07","slug":"lajuntament-de-la-vall-duixo-busca-reforcar-la-collaboracio-amb-lacademia-valenciana-de-la-llengua-per-a-la-promocio-del-valencia","status":"publish","type":"post","link":"https:\/\/elcafedepipa.com\/index.php\/2024\/10\/24\/lajuntament-de-la-vall-duixo-busca-reforcar-la-collaboracio-amb-lacademia-valenciana-de-la-llengua-per-a-la-promocio-del-valencia\/","title":{"rendered":"L&#8217;Ajuntament de la Vall d&#8217;Uix\u00f3 busca refor\u00e7ar la col\u00b7laboraci\u00f3 amb l&#8217;Acad\u00e8mia Valenciana de la Llengua per a la promoci\u00f3 del valenci\u00e0"},"content":{"rendered":"\n<p>L&#8217;Ajuntament de la Vall d&#8217;Uix\u00f3 ha mantingut una reuni\u00f3 de treball amb l&#8217;Acad\u00e8mia Valenciana de la Llengua (AVL) amb l&#8217;objectiu principal d&#8217;obrir vies de col\u00b7laboraci\u00f3 per a \u201cdefensar i promoure l&#8217;\u00fas de la nostra llengua en tots els \u00e0mbits socials\u201d, segons ha explicat el regidor de Promoci\u00f3 Ling\u00fc\u00edstica. A la trobada, en la qual tamb\u00e9 ha participat la presidenta de l&#8217;AVL, Ver\u00f2nica Cant\u00f3, han assistit el regidor de Patrimoni, Fernando&nbsp;Dar\u00f2s, i el vicepresident del Consell Municipal de Cultura, Vicent Rebollar.<\/p>\n\n\n\n<p>El regidor Marqu\u00e9s ha destacat que la creaci\u00f3 de sinergies entre l&#8217;Ajuntament i l\u2019Acad\u00e8mia \u201c\u00e9s una oportunitat per a portar activitats i publicacions a la Vall\u201d. A m\u00e9s, ha assegurat que en el Consell Municipal de Cultura es donaran a con\u00e9ixer les propostes per a treballar de manera col\u00b7laborativa, remarcant que \u201cla predisposici\u00f3 per part de les dues entitats \u00e9s molt positiva\u201d.<\/p>\n\n\n\n<p>Marqu\u00e9s ha reafirmat el comprom\u00eds de treballar conjuntament per la defensa del valenci\u00e0, assenyalant que \u201cunits serem m\u00e9s forts per a protegir la nostra llengua, una part fonamental del nostre patrimoni i la nostra cultura, heretada dels nostres avantpassats. Hem de fer-ne \u00fas, fer-la cr\u00e9ixer, transmetre-la i assegurar el seu futur\u201d. Finalment, ha expressat el seu suport a l&#8217;AVL, especialment en un moment \u201con s&#8217;ataca sense complexos la nostra llengua\u201d.<\/p>\n","protected":false},"excerpt":{"rendered":"<p>L&#8217;Ajuntament de la Vall d&#8217;Uix\u00f3 ha mantingut una reuni\u00f3 de treball amb l&#8217;Acad\u00e8mia Valenciana de la Llengua (AVL) amb l&#8217;objectiu principal d&#8217;obrir vies de col\u00b7laboraci\u00f3 per a \u201cdefensar i promoure l&#8217;\u00fas de la nostra llengua en tots els \u00e0mbits socials\u201d, segons ha explicat el regidor de Promoci\u00f3 Ling\u00fc\u00edstica. A la trobada, en la qual tamb\u00e9 &#8230; <a title=\"L&#8217;Ajuntament de la Vall d&#8217;Uix\u00f3 busca refor\u00e7ar la col\u00b7laboraci\u00f3 amb l&#8217;Acad\u00e8mia Valenciana de la Llengua per a la promoci\u00f3 del valenci\u00e0\" class=\"read-more\" href=\"https:\/\/elcafedepipa.com\/index.php\/2024\/10\/24\/lajuntament-de-la-vall-duixo-busca-reforcar-la-collaboracio-amb-lacademia-valenciana-de-la-llengua-per-a-la-promocio-del-valencia\/\" aria-label=\"M\u00e9s informaci\u00f3 sobre L&#8217;Ajuntament de la Vall d&#8217;Uix\u00f3 busca refor\u00e7ar la col\u00b7laboraci\u00f3 amb l&#8217;Acad\u00e8mia Valenciana de la Llengua per a la promoci\u00f3 del valenci\u00e0\">Read more<\/a><\/p>\n","protected":false},"author":2,"featured_media":0,"comment_status":"closed","ping_status":"closed","sticky":false,"template":"","format":"standard","meta":{"om_disable_all_campaigns":false,"_monsterinsights_skip_tracking":false,"_monsterinsights_sitenote_active":false,"_monsterinsights_sitenote_note":"","_monsterinsights_sitenote_category":0,"_uf_show_specific_survey":0,"_uf_disable_surveys":false,"footnotes":""},"categories":[2],"tags":[],"class_list":["post-7244","post","type-post","status-publish","format-standard","hentry","category-lavallduixo"],"_links":{"self":[{"href":"https:\/\/elcafedepipa.com\/index.php\/wp-json\/wp\/v2\/posts\/7244","targetHints":{"allow":["GET"]}}],"collection":[{"href":"https:\/\/elcafedepipa.com\/index.php\/wp-json\/wp\/v2\/posts"}],"about":[{"href":"https:\/\/elcafedepipa.com\/index.php\/wp-json\/wp\/v2\/types\/post"}],"author":[{"embeddable":true,"href":"https:\/\/elcafedepipa.com\/index.php\/wp-json\/wp\/v2\/users\/2"}],"replies":[{"embeddable":true,"href":"https:\/\/elcafedepipa.com\/index.php\/wp-json\/wp\/v2\/comments?post=7244"}],"version-history":[{"count":0,"href":"https:\/\/elcafedepipa.com\/index.php\/wp-json\/wp\/v2\/posts\/7244\/revisions"}],"wp:attachment":[{"href":"https:\/\/elcafedepipa.com\/index.php\/wp-json\/wp\/v2\/media?parent=7244"}],"wp:term":[{"taxonomy":"category","embeddable":true,"href":"https:\/\/elcafedepipa.com\/index.php\/wp-json\/wp\/v2\/categories?post=7244"},{"taxonomy":"post_tag","embeddable":true,"href":"https:\/\/elcafedepipa.com\/index.php\/wp-json\/wp\/v2\/tags?post=7244"}],"curies":[{"name":"wp","href":"https:\/\/api.w.org\/{rel}","templated":true}]}}