{"id":7224,"date":"2024-10-23T13:59:41","date_gmt":"2024-10-23T11:59:41","guid":{"rendered":"https:\/\/elcafedepipa.com\/?p=7224"},"modified":"2024-10-23T13:59:42","modified_gmt":"2024-10-23T11:59:42","slug":"el-pspv-psoe-denuncia-limpagament-del-fons-estrategic-de-prevencio-dincendis-per-part-del-consell-de-mazon","status":"publish","type":"post","link":"https:\/\/elcafedepipa.com\/index.php\/2024\/10\/23\/el-pspv-psoe-denuncia-limpagament-del-fons-estrategic-de-prevencio-dincendis-per-part-del-consell-de-mazon\/","title":{"rendered":"El PSPV-PSOE denuncia l&#8217;impagament del Fons Estrat\u00e8gic de Prevenci\u00f3 d&#8217;Incendis per part del Consell de Maz\u00f3n"},"content":{"rendered":"\n<p><strong>La diputada a les Corts, Roc\u00edo Ib\u00e1\u00f1ez, assenyala que nombrosos ajuntaments estan renunciant als projectes vinculats a les ajudes perqu\u00e8 ni han cobrat ni hi ha temps per a justificar les actuacions<\/strong><\/p>\n\n\n\n<p>El PSPV-PSOE ha denunciat que el Consell, presidit per Carlos Maz\u00f3n,&nbsp;segueix&nbsp;sense pagar als ajuntaments el Fons Estrat\u00e8gic de Prevenci\u00f3 d\u2019Incendis, la qual cosa posa en risc els treballs de manteniment de tallafocs, poda i desbrossament en zones forestals a tota la Comunitat Valenciana.<\/p>\n\n\n\n<p>La diputada a les Corts, Roc\u00edo Ib\u00e1\u00f1ez, ha criticat la &#8220;nefasta gesti\u00f3&#8221; de Maz\u00f3n en mat\u00e8ria d\u2019emerg\u00e8ncies i prevenci\u00f3 d\u2019incendis, destacant que la falta de pagament de la subvenci\u00f3 destinada a tasques com la neteja de pistes forestals, la creaci\u00f3 de tallafocs i la instal\u00b7laci\u00f3 de punts d\u2019aigua afecta fins a 200 municipis. &#8220;Estan convertint el territori valenci\u00e0 en un polvor\u00ed&#8221;, ha advertit Ib\u00e1\u00f1ez.<\/p>\n\n\n\n<p>Ib\u00e1\u00f1ez ha subratllat que el termini per a la realitzaci\u00f3 d\u2019aquests&nbsp;treballs va concloure el 16 d\u2019octubre sense que s\u2019hagen fet els pagaments promesos, fet que ha obligat molts municipis a renunciar a l&#8217;ajuda per la impossibilitat de finan\u00e7ar els treballs per avan\u00e7at.<\/p>\n\n\n\n<p>A m\u00e9s, la diputada ha lamentat que el Consell no haja modificat la data l\u00edmit d&#8217;execuci\u00f3 dels treballs fins al 30 de novembre, tal com havia sol\u00b7licitat el grup socialista a les Corts l\u2019agost passat, preveient la situaci\u00f3 que actualment afecta els ajuntaments.<\/p>\n","protected":false},"excerpt":{"rendered":"<p>La diputada a les Corts, Roc\u00edo Ib\u00e1\u00f1ez, assenyala que nombrosos ajuntaments estan renunciant als projectes vinculats a les ajudes perqu\u00e8 ni han cobrat ni hi ha temps per a justificar les actuacions El PSPV-PSOE ha denunciat que el Consell, presidit per Carlos Maz\u00f3n,&nbsp;segueix&nbsp;sense pagar als ajuntaments el Fons Estrat\u00e8gic de Prevenci\u00f3 d\u2019Incendis, la qual cosa &#8230; <a title=\"El PSPV-PSOE denuncia l&#8217;impagament del Fons Estrat\u00e8gic de Prevenci\u00f3 d&#8217;Incendis per part del Consell de Maz\u00f3n\" class=\"read-more\" href=\"https:\/\/elcafedepipa.com\/index.php\/2024\/10\/23\/el-pspv-psoe-denuncia-limpagament-del-fons-estrategic-de-prevencio-dincendis-per-part-del-consell-de-mazon\/\" aria-label=\"M\u00e9s informaci\u00f3 sobre El PSPV-PSOE denuncia l&#8217;impagament del Fons Estrat\u00e8gic de Prevenci\u00f3 d&#8217;Incendis per part del Consell de Maz\u00f3n\">Read more<\/a><\/p>\n","protected":false},"author":2,"featured_media":0,"comment_status":"closed","ping_status":"closed","sticky":false,"template":"","format":"standard","meta":{"om_disable_all_campaigns":false,"_monsterinsights_skip_tracking":false,"_monsterinsights_sitenote_active":false,"_monsterinsights_sitenote_note":"","_monsterinsights_sitenote_category":0,"_uf_show_specific_survey":0,"_uf_disable_surveys":false,"footnotes":""},"categories":[11],"tags":[],"class_list":["post-7224","post","type-post","status-publish","format-standard","hentry","category-comunitatvalenciana"],"_links":{"self":[{"href":"https:\/\/elcafedepipa.com\/index.php\/wp-json\/wp\/v2\/posts\/7224","targetHints":{"allow":["GET"]}}],"collection":[{"href":"https:\/\/elcafedepipa.com\/index.php\/wp-json\/wp\/v2\/posts"}],"about":[{"href":"https:\/\/elcafedepipa.com\/index.php\/wp-json\/wp\/v2\/types\/post"}],"author":[{"embeddable":true,"href":"https:\/\/elcafedepipa.com\/index.php\/wp-json\/wp\/v2\/users\/2"}],"replies":[{"embeddable":true,"href":"https:\/\/elcafedepipa.com\/index.php\/wp-json\/wp\/v2\/comments?post=7224"}],"version-history":[{"count":0,"href":"https:\/\/elcafedepipa.com\/index.php\/wp-json\/wp\/v2\/posts\/7224\/revisions"}],"wp:attachment":[{"href":"https:\/\/elcafedepipa.com\/index.php\/wp-json\/wp\/v2\/media?parent=7224"}],"wp:term":[{"taxonomy":"category","embeddable":true,"href":"https:\/\/elcafedepipa.com\/index.php\/wp-json\/wp\/v2\/categories?post=7224"},{"taxonomy":"post_tag","embeddable":true,"href":"https:\/\/elcafedepipa.com\/index.php\/wp-json\/wp\/v2\/tags?post=7224"}],"curies":[{"name":"wp","href":"https:\/\/api.w.org\/{rel}","templated":true}]}}