{"id":7215,"date":"2024-10-23T13:21:08","date_gmt":"2024-10-23T11:21:08","guid":{"rendered":"https:\/\/elcafedepipa.com\/?p=7215"},"modified":"2024-10-23T13:21:11","modified_gmt":"2024-10-23T11:21:11","slug":"la-presidenta-de-la-diputacio-de-castello-convoca-a-loposicio-per-a-recollir-propostes-per-al-pressupost-de-2025","status":"publish","type":"post","link":"https:\/\/elcafedepipa.com\/index.php\/2024\/10\/23\/la-presidenta-de-la-diputacio-de-castello-convoca-a-loposicio-per-a-recollir-propostes-per-al-pressupost-de-2025\/","title":{"rendered":"La presidenta de la Diputaci\u00f3 de Castell\u00f3 convoca a l&#8217;oposici\u00f3 per a recollir propostes per al pressupost de 2025"},"content":{"rendered":"\n<p><strong>La presidenta mantindr\u00e0 este divendres reunions amb els portaveus del PSOE, Comprom\u00eds i Vox per a escoltar les seues propostes dins del proc\u00e9s d&#8217;elaboraci\u00f3 dels pressupostos provincials<\/strong><\/p>\n\n\n\n<p>La presidenta de la Diputaci\u00f3 Provincial de Castell\u00f3, Marta&nbsp;Barrachina, ha convocat els grups de l&#8217;oposici\u00f3 per a recollir les seues propostes de cara al pressupost de 2025 de la instituci\u00f3 provincial. El govern de la Diputaci\u00f3 es troba en plena elaboraci\u00f3 dels comptes per al pr\u00f2xim exercici, i dins d&#8217;aquest&nbsp;proc\u00e9s,&nbsp;Barrachina&nbsp;mantindr\u00e0 reunions amb els portaveus del PSOE, Comprom\u00eds i Vox&nbsp;aquest&nbsp;divendres 25 d&#8217;octubre.<\/p>\n\n\n\n<p>Durant&nbsp;aquestes&nbsp;trobades, la presidenta escoltar\u00e0 les demandes i suggeriments dels grups pol\u00edtics que formen part de l&#8217;oposici\u00f3 a la Diputaci\u00f3 de Castell\u00f3, amb l&#8217;objectiu de crear uns pressupostos que reflectisquen les necessitats dels ciutadans.<\/p>\n\n\n\n<p>\u201cEl pressupost de la Diputaci\u00f3 per a 2025 seguir\u00e0 la l\u00ednia iniciada l&#8217;any passat per tal de donar resposta a les necessitats dels castellonencs i continuar generant oportunitats en tot el territori\u201d, ha afirmat&nbsp;Barrachina. A m\u00e9s, ha subratllat que els comptes continuaran centrant-se en el benestar de les persones i en impulsar el progr\u00e9s i desenvolupament de la prov\u00edncia.<\/p>\n\n\n\n<p>Barrachina&nbsp;ha concl\u00f2s destacant la import\u00e0ncia d&#8217;elaborar un pressupost que siga capa\u00e7 de mantenir el suport als 135 municipis de la prov\u00edncia, per a fer front als reptes i necessitats de Castell\u00f3, mentre es&nbsp;construeix&nbsp;un futur millor per a la regi\u00f3.<\/p>\n","protected":false},"excerpt":{"rendered":"<p>La presidenta mantindr\u00e0 este divendres reunions amb els portaveus del PSOE, Comprom\u00eds i Vox per a escoltar les seues propostes dins del proc\u00e9s d&#8217;elaboraci\u00f3 dels pressupostos provincials La presidenta de la Diputaci\u00f3 Provincial de Castell\u00f3, Marta&nbsp;Barrachina, ha convocat els grups de l&#8217;oposici\u00f3 per a recollir les seues propostes de cara al pressupost de 2025 de &#8230; <a title=\"La presidenta de la Diputaci\u00f3 de Castell\u00f3 convoca a l&#8217;oposici\u00f3 per a recollir propostes per al pressupost de 2025\" class=\"read-more\" href=\"https:\/\/elcafedepipa.com\/index.php\/2024\/10\/23\/la-presidenta-de-la-diputacio-de-castello-convoca-a-loposicio-per-a-recollir-propostes-per-al-pressupost-de-2025\/\" aria-label=\"M\u00e9s informaci\u00f3 sobre La presidenta de la Diputaci\u00f3 de Castell\u00f3 convoca a l&#8217;oposici\u00f3 per a recollir propostes per al pressupost de 2025\">Read more<\/a><\/p>\n","protected":false},"author":2,"featured_media":0,"comment_status":"closed","ping_status":"closed","sticky":false,"template":"","format":"standard","meta":{"om_disable_all_campaigns":false,"_monsterinsights_skip_tracking":false,"_monsterinsights_sitenote_active":false,"_monsterinsights_sitenote_note":"","_monsterinsights_sitenote_category":0,"_uf_show_specific_survey":0,"_uf_disable_surveys":false,"footnotes":""},"categories":[10],"tags":[],"class_list":["post-7215","post","type-post","status-publish","format-standard","hentry","category-provinciadecastello"],"_links":{"self":[{"href":"https:\/\/elcafedepipa.com\/index.php\/wp-json\/wp\/v2\/posts\/7215","targetHints":{"allow":["GET"]}}],"collection":[{"href":"https:\/\/elcafedepipa.com\/index.php\/wp-json\/wp\/v2\/posts"}],"about":[{"href":"https:\/\/elcafedepipa.com\/index.php\/wp-json\/wp\/v2\/types\/post"}],"author":[{"embeddable":true,"href":"https:\/\/elcafedepipa.com\/index.php\/wp-json\/wp\/v2\/users\/2"}],"replies":[{"embeddable":true,"href":"https:\/\/elcafedepipa.com\/index.php\/wp-json\/wp\/v2\/comments?post=7215"}],"version-history":[{"count":0,"href":"https:\/\/elcafedepipa.com\/index.php\/wp-json\/wp\/v2\/posts\/7215\/revisions"}],"wp:attachment":[{"href":"https:\/\/elcafedepipa.com\/index.php\/wp-json\/wp\/v2\/media?parent=7215"}],"wp:term":[{"taxonomy":"category","embeddable":true,"href":"https:\/\/elcafedepipa.com\/index.php\/wp-json\/wp\/v2\/categories?post=7215"},{"taxonomy":"post_tag","embeddable":true,"href":"https:\/\/elcafedepipa.com\/index.php\/wp-json\/wp\/v2\/tags?post=7215"}],"curies":[{"name":"wp","href":"https:\/\/api.w.org\/{rel}","templated":true}]}}