{"id":7198,"date":"2024-10-23T12:16:40","date_gmt":"2024-10-23T10:16:40","guid":{"rendered":"https:\/\/elcafedepipa.com\/?p=7198"},"modified":"2024-10-23T12:20:15","modified_gmt":"2024-10-23T10:20:15","slug":"la-llosa-celebrara-el-seu-mercat-medieval-el-2-i-3-de-novembre","status":"publish","type":"post","link":"https:\/\/elcafedepipa.com\/index.php\/2024\/10\/23\/la-llosa-celebrara-el-seu-mercat-medieval-el-2-i-3-de-novembre\/","title":{"rendered":"La Llosa celebrar\u00e0 el seu Mercat Medieval el 2 i 3 de novembre"},"content":{"rendered":"\n<p>El cap de setmana del 2 i 3 de novembre,&nbsp;La&nbsp;Llosa es transportar\u00e0 a l&#8217;edat mitjana amb la celebraci\u00f3 del seu tradicional Mercat Medieval. L&#8217;esdeveniment comen\u00e7ar\u00e0 el dissabte 2 a les 11:00 h amb la inauguraci\u00f3 oficial, a c\u00e0rrec de la comitiva municipal, la reina i la seua cort de 2024, aix\u00ed com m\u00fasics medievals i animaci\u00f3 itinerant. Despr\u00e9s de la inauguraci\u00f3, s&#8217;obriran els llocs d&#8217;artesania, gastronomia i les atraccions infantils, acompanyats de m\u00fasica i animaci\u00f3 durant tot el mat\u00ed. Entre les 12:00 h i les 13:00 h, els xiquets podran participar en un taller de decoraci\u00f3 de carabasses, fantasmes i barrets.<\/p>\n\n\n\n<p>Despr\u00e9s d&#8217;una pausa per a dinar, amb els llocs de gastronomia oberts, el mercat reprendr\u00e0 l&#8217;activitat a les 17:00 h amb m\u00fasica. De 18:00 h a 19:00 h hi haur\u00e0 un pintacares per als m\u00e9s menuts, a la vegada que se celebrar\u00e0 una desfilada de m\u00fasics medievals. El mercat tancar\u00e0 a les 22:00 h.<\/p>\n\n\n\n<p>El diumenge, el mercat obrir\u00e0 de nou a les 11:00 h, i a la mateixa hora els xiquets podran gaudir d&#8217;un escape room. De 13:00 h a 14:00 h, hi haur\u00e0 un taller de tatuatges i glitter face, mentre que l&#8217;animaci\u00f3 itinerant d\u2019&#8221;Amorphos&#8221; comen\u00e7ar\u00e0 a les 13:00 h. Despr\u00e9s de la pausa per a dinar, de 14:00 h a 17:00 h, el mercat tornar\u00e0 a l&#8217;activitat amb m\u00e9s animaci\u00f3 d'&#8221;Amorphos&#8221; a les 18:00 h i un taller m\u00e0gic fins a les 19:00 h. Tamb\u00e9 es realitzar\u00e0 un escape room per a totes les edats a les 18:00 h. El Mercat Medieval de&nbsp;La&nbsp;Llosa 2024 conclour\u00e0 a les 22:00 h amb m\u00fasica i un espectacular espectacle de foc.<\/p>\n\n\n\n<p>Un cap de setmana ple d&#8217;activitats per a totes les edats i amb un ambient medieval que far\u00e0 de&nbsp;La&nbsp;Llosa un punt de trobada cultural i l\u00fadic.<\/p>\n\n\n\n<p><\/p>\n","protected":false},"excerpt":{"rendered":"<p>El cap de setmana del 2 i 3 de novembre,&nbsp;La&nbsp;Llosa es transportar\u00e0 a l&#8217;edat mitjana amb la celebraci\u00f3 del seu tradicional Mercat Medieval. L&#8217;esdeveniment comen\u00e7ar\u00e0 el dissabte 2 a les 11:00 h amb la inauguraci\u00f3 oficial, a c\u00e0rrec de la comitiva municipal, la reina i la seua cort de 2024, aix\u00ed com m\u00fasics medievals i &#8230; <a title=\"La Llosa celebrar\u00e0 el seu Mercat Medieval el 2 i 3 de novembre\" class=\"read-more\" href=\"https:\/\/elcafedepipa.com\/index.php\/2024\/10\/23\/la-llosa-celebrara-el-seu-mercat-medieval-el-2-i-3-de-novembre\/\" aria-label=\"M\u00e9s informaci\u00f3 sobre La Llosa celebrar\u00e0 el seu Mercat Medieval el 2 i 3 de novembre\">Read more<\/a><\/p>\n","protected":false},"author":2,"featured_media":0,"comment_status":"closed","ping_status":"closed","sticky":false,"template":"","format":"standard","meta":{"om_disable_all_campaigns":false,"_monsterinsights_skip_tracking":false,"_monsterinsights_sitenote_active":false,"_monsterinsights_sitenote_note":"","_monsterinsights_sitenote_category":0,"_uf_show_specific_survey":0,"_uf_disable_surveys":false,"footnotes":""},"categories":[8],"tags":[],"class_list":["post-7198","post","type-post","status-publish","format-standard","hentry","category-lallosa"],"_links":{"self":[{"href":"https:\/\/elcafedepipa.com\/index.php\/wp-json\/wp\/v2\/posts\/7198","targetHints":{"allow":["GET"]}}],"collection":[{"href":"https:\/\/elcafedepipa.com\/index.php\/wp-json\/wp\/v2\/posts"}],"about":[{"href":"https:\/\/elcafedepipa.com\/index.php\/wp-json\/wp\/v2\/types\/post"}],"author":[{"embeddable":true,"href":"https:\/\/elcafedepipa.com\/index.php\/wp-json\/wp\/v2\/users\/2"}],"replies":[{"embeddable":true,"href":"https:\/\/elcafedepipa.com\/index.php\/wp-json\/wp\/v2\/comments?post=7198"}],"version-history":[{"count":0,"href":"https:\/\/elcafedepipa.com\/index.php\/wp-json\/wp\/v2\/posts\/7198\/revisions"}],"wp:attachment":[{"href":"https:\/\/elcafedepipa.com\/index.php\/wp-json\/wp\/v2\/media?parent=7198"}],"wp:term":[{"taxonomy":"category","embeddable":true,"href":"https:\/\/elcafedepipa.com\/index.php\/wp-json\/wp\/v2\/categories?post=7198"},{"taxonomy":"post_tag","embeddable":true,"href":"https:\/\/elcafedepipa.com\/index.php\/wp-json\/wp\/v2\/tags?post=7198"}],"curies":[{"name":"wp","href":"https:\/\/api.w.org\/{rel}","templated":true}]}}