{"id":7181,"date":"2024-10-23T10:51:43","date_gmt":"2024-10-23T08:51:43","guid":{"rendered":"https:\/\/elcafedepipa.com\/?p=7181"},"modified":"2024-10-23T10:51:46","modified_gmt":"2024-10-23T08:51:46","slug":"la-guardia-civil-dete-un-home-a-borriana-per-trafic-de-drogues","status":"publish","type":"post","link":"https:\/\/elcafedepipa.com\/index.php\/2024\/10\/23\/la-guardia-civil-dete-un-home-a-borriana-per-trafic-de-drogues\/","title":{"rendered":"La Gu\u00e0rdia Civil det\u00e9 un home a Borriana per tr\u00e0fic de drogues"},"content":{"rendered":"\n<p><strong>Els agents van descobrir m\u00e9s de 8 quilos de marihuana oculta en els laterals de les portes del vehicle registrat<\/strong><\/p>\n\n\n\n<p>La Gu\u00e0rdia Civil ha detingut un home de&nbsp;49&nbsp;anys com a presumpte autor d&#8217;un delicte contra la salut p\u00fablica (tr\u00e0fic de drogues) a l&#8217;\u00e0rea de servei &#8220;La Plana&#8221; de l&#8217;AP-7 a Borriana.<\/p>\n\n\n\n<p>La detenci\u00f3 es va produir en el marc dels serveis que la Gu\u00e0rdia Civil desenvolupa de manera cont\u00ednua per a la vigil\u00e0ncia de les costes, ports, aeroports i vies de comunicaci\u00f3, amb l&#8217;objectiu d&#8217;evitar el tr\u00e0fic de drogues, mercaderies il\u00b7l\u00edcites, el contraban i les xarxes internacionals de tr\u00e0fic de subst\u00e0ncies prohibides a la prov\u00edncia de Castell\u00f3. Per a aix\u00f2, la Gu\u00e0rdia Civil desplega un ampli dispositiu de prevenci\u00f3 que mant\u00e9 una elevada pressi\u00f3 policial sobre les rutes d&#8217;entrada, comptant amb el suport de totes les Unitats de la Comand\u00e0ncia de Castell\u00f3 per a vigilar i controlar tots els punts i accessos a la prov\u00edncia.<\/p>\n\n\n\n<p>Els fets van tindre lloc el passat 22 d&#8217;octubre, quan els agents van identificar el conductor d&#8217;un vehicle. En detectar l&#8217;olor&nbsp;caracter\u00edstic&nbsp;de c\u00e0nnabis en l&#8217;interior del cotxe, van sol\u00b7licitar l&#8217;ajuda del Grup&nbsp;Cinol\u00f2gic&nbsp;de la Gu\u00e0rdia Civil de Castell\u00f3, el gos detector de drogues del qual va marcar immediatament els laterals de les portes del turisme.<\/p>\n\n\n\n<p>Els agents van registrar la zona indicada pel gos i van trobar 40 bosses de marihuana preparades per a la seua distribuci\u00f3 i venda.<\/p>\n\n\n\n<p>Per tot aix\u00f2, es va procedir a la detenci\u00f3 de l&#8217;individu per un presumpte delicte contra la salut p\u00fablica (tr\u00e0fic de drogues). Les dilig\u00e8ncies han sigut remeses al Jutjat d&#8217;Instrucci\u00f3 n\u00fam. 2 de Vila-real.<\/p>\n\n\n\n<p>L&#8217;actuaci\u00f3 va ser realitzada per membres de la Unitat de Seguretat Ciutadana (USECIC), el Subsector de Tr\u00e0nsit i el Grup&nbsp;Cinol\u00f2gic&nbsp;de la Gu\u00e0rdia Civil de Castell\u00f3.<\/p>\n","protected":false},"excerpt":{"rendered":"<p>Els agents van descobrir m\u00e9s de 8 quilos de marihuana oculta en els laterals de les portes del vehicle registrat La Gu\u00e0rdia Civil ha detingut un home de&nbsp;49&nbsp;anys com a presumpte autor d&#8217;un delicte contra la salut p\u00fablica (tr\u00e0fic de drogues) a l&#8217;\u00e0rea de servei &#8220;La Plana&#8221; de l&#8217;AP-7 a Borriana. La detenci\u00f3 es va &#8230; <a title=\"La Gu\u00e0rdia Civil det\u00e9 un home a Borriana per tr\u00e0fic de drogues\" class=\"read-more\" href=\"https:\/\/elcafedepipa.com\/index.php\/2024\/10\/23\/la-guardia-civil-dete-un-home-a-borriana-per-trafic-de-drogues\/\" aria-label=\"M\u00e9s informaci\u00f3 sobre La Gu\u00e0rdia Civil det\u00e9 un home a Borriana per tr\u00e0fic de drogues\">Read more<\/a><\/p>\n","protected":false},"author":2,"featured_media":0,"comment_status":"closed","ping_status":"closed","sticky":false,"template":"","format":"standard","meta":{"om_disable_all_campaigns":false,"_monsterinsights_skip_tracking":false,"_monsterinsights_sitenote_active":false,"_monsterinsights_sitenote_note":"","_monsterinsights_sitenote_category":0,"_uf_show_specific_survey":0,"_uf_disable_surveys":false,"footnotes":""},"categories":[10],"tags":[],"class_list":["post-7181","post","type-post","status-publish","format-standard","hentry","category-provinciadecastello"],"_links":{"self":[{"href":"https:\/\/elcafedepipa.com\/index.php\/wp-json\/wp\/v2\/posts\/7181","targetHints":{"allow":["GET"]}}],"collection":[{"href":"https:\/\/elcafedepipa.com\/index.php\/wp-json\/wp\/v2\/posts"}],"about":[{"href":"https:\/\/elcafedepipa.com\/index.php\/wp-json\/wp\/v2\/types\/post"}],"author":[{"embeddable":true,"href":"https:\/\/elcafedepipa.com\/index.php\/wp-json\/wp\/v2\/users\/2"}],"replies":[{"embeddable":true,"href":"https:\/\/elcafedepipa.com\/index.php\/wp-json\/wp\/v2\/comments?post=7181"}],"version-history":[{"count":0,"href":"https:\/\/elcafedepipa.com\/index.php\/wp-json\/wp\/v2\/posts\/7181\/revisions"}],"wp:attachment":[{"href":"https:\/\/elcafedepipa.com\/index.php\/wp-json\/wp\/v2\/media?parent=7181"}],"wp:term":[{"taxonomy":"category","embeddable":true,"href":"https:\/\/elcafedepipa.com\/index.php\/wp-json\/wp\/v2\/categories?post=7181"},{"taxonomy":"post_tag","embeddable":true,"href":"https:\/\/elcafedepipa.com\/index.php\/wp-json\/wp\/v2\/tags?post=7181"}],"curies":[{"name":"wp","href":"https:\/\/api.w.org\/{rel}","templated":true}]}}