{"id":7164,"date":"2024-10-22T14:38:08","date_gmt":"2024-10-22T12:38:08","guid":{"rendered":"https:\/\/elcafedepipa.com\/?p=7164"},"modified":"2024-10-22T14:38:09","modified_gmt":"2024-10-22T12:38:09","slug":"presentada-la-xvii-fira-medieval-de-mascarell-referent-a-la-comunitat-valenciana","status":"publish","type":"post","link":"https:\/\/elcafedepipa.com\/index.php\/2024\/10\/22\/presentada-la-xvii-fira-medieval-de-mascarell-referent-a-la-comunitat-valenciana\/","title":{"rendered":"Presentada la XVII Fira Medieval de Mascarell, referent a la Comunitat Valenciana"},"content":{"rendered":"\n<p><strong>Se celebrar\u00e0 els dies 8, 9 i 10 de novembre amb m\u00e9s de 120 espectacles gratu\u00efts com a reclam<\/strong><\/p>\n\n\n\n<p>La XVII Fira Medieval de Mascarell, que se celebrar\u00e0 els dies 8, 9 i 10 de novembre, ha estat presentada com un dels esdeveniments m\u00e9s destacats a la Comunitat Valenciana i a la resta de l\u2019estat espanyol.&nbsp;Aquesta&nbsp;edici\u00f3 ser\u00e0 la segona que es realitza amb la distinci\u00f3 de Festa d\u2019Inter\u00e9s&nbsp;Tur\u00edstic Auton\u00f2mic, reconeixement atorgat per la Generalitat Valenciana que&nbsp;posa en valor&nbsp;la seua traject\u00f2ria i repercussi\u00f3.<\/p>\n\n\n\n<p>L&#8217;esdeveniment comptar\u00e0 amb m\u00e9s de 120 espectacles gratu\u00efts i una programaci\u00f3 variada especialment orientada al p\u00fablic familiar. El regidor de Mascarell,&nbsp;Guillermo&nbsp;Latorre, ha assenyalat que \u201ccomptem amb&nbsp;la millor fira medieval que ja t\u00e9 renom&nbsp;a nivell nacional, i que pel seu enclavament \u00e9s la millor de la Comunitat Valenciana. Enguany s\u2019ha fet una aposta decidida perqu\u00e8 les fam\u00edlies&nbsp;gaudeixen&nbsp;juntes de les diferents activitats.\u201d<\/p>\n\n\n\n<p>Una de les novetats d&#8217;aquesta&nbsp;edici\u00f3 \u00e9s que els espectacles es programaran amb intervals de nom\u00e9s 10 minuts i es desenvoluparan actuacions simult\u00e0nies.&nbsp;Vicente Herrera, representant de l&#8217;empresa&nbsp;Culthisme, ha destacat que la fira es diferencia per la seua fidelitat hist\u00f2rica i les recreacions al voltant de la hist\u00f2ria de Mascarell. En&nbsp;aquesta&nbsp;edici\u00f3, s&#8217;incorporaran nous personatges i tornejos, amb els cavallers Centelles i Montcada, figures hist\u00f2riques vinculades a Mascarell durant l\u2019\u00e8poca medieval.<\/p>\n\n\n\n<p>La programaci\u00f3 inclou una gran varietat d&#8217;activitats, des d&#8217;espectacles d\u2019animaci\u00f3 de carrer, tornejos medievals, m\u00fasica en directe, joglars, bufons, exhibicions de falconeria, granja d\u2019animals, fins a un&nbsp;macrocampament&nbsp;de soldats i demostracions d&#8217;antics oficis.<\/p>\n\n\n\n<p>La inauguraci\u00f3 tindr\u00e0 lloc el divendres 8 de novembre, i l&#8217;horari d&#8217;obertura ser\u00e0 dissabte i diumenge,&nbsp;d&#8217;11&nbsp;a 22 hores.<\/p>\n\n\n\n<p>Mascarell, \u00fanica poblaci\u00f3 totalment emmurallada de la Comunitat Valenciana, atrau milers de visitants durant la fira. L\u2019any passat, m\u00e9s de 60.000 persones van gaudir d\u2019aquest&nbsp;esdeveniment.<\/p>\n","protected":false},"excerpt":{"rendered":"<p>Se celebrar\u00e0 els dies 8, 9 i 10 de novembre amb m\u00e9s de 120 espectacles gratu\u00efts com a reclam La XVII Fira Medieval de Mascarell, que se celebrar\u00e0 els dies 8, 9 i 10 de novembre, ha estat presentada com un dels esdeveniments m\u00e9s destacats a la Comunitat Valenciana i a la resta de l\u2019estat &#8230; <a title=\"Presentada la XVII Fira Medieval de Mascarell, referent a la Comunitat Valenciana\" class=\"read-more\" href=\"https:\/\/elcafedepipa.com\/index.php\/2024\/10\/22\/presentada-la-xvii-fira-medieval-de-mascarell-referent-a-la-comunitat-valenciana\/\" aria-label=\"M\u00e9s informaci\u00f3 sobre Presentada la XVII Fira Medieval de Mascarell, referent a la Comunitat Valenciana\">Read more<\/a><\/p>\n","protected":false},"author":2,"featured_media":0,"comment_status":"closed","ping_status":"closed","sticky":false,"template":"","format":"standard","meta":{"om_disable_all_campaigns":false,"_monsterinsights_skip_tracking":false,"_monsterinsights_sitenote_active":false,"_monsterinsights_sitenote_note":"","_monsterinsights_sitenote_category":0,"_uf_show_specific_survey":0,"_uf_disable_surveys":false,"footnotes":""},"categories":[3],"tags":[],"class_list":["post-7164","post","type-post","status-publish","format-standard","hentry","category-nules"],"_links":{"self":[{"href":"https:\/\/elcafedepipa.com\/index.php\/wp-json\/wp\/v2\/posts\/7164","targetHints":{"allow":["GET"]}}],"collection":[{"href":"https:\/\/elcafedepipa.com\/index.php\/wp-json\/wp\/v2\/posts"}],"about":[{"href":"https:\/\/elcafedepipa.com\/index.php\/wp-json\/wp\/v2\/types\/post"}],"author":[{"embeddable":true,"href":"https:\/\/elcafedepipa.com\/index.php\/wp-json\/wp\/v2\/users\/2"}],"replies":[{"embeddable":true,"href":"https:\/\/elcafedepipa.com\/index.php\/wp-json\/wp\/v2\/comments?post=7164"}],"version-history":[{"count":0,"href":"https:\/\/elcafedepipa.com\/index.php\/wp-json\/wp\/v2\/posts\/7164\/revisions"}],"wp:attachment":[{"href":"https:\/\/elcafedepipa.com\/index.php\/wp-json\/wp\/v2\/media?parent=7164"}],"wp:term":[{"taxonomy":"category","embeddable":true,"href":"https:\/\/elcafedepipa.com\/index.php\/wp-json\/wp\/v2\/categories?post=7164"},{"taxonomy":"post_tag","embeddable":true,"href":"https:\/\/elcafedepipa.com\/index.php\/wp-json\/wp\/v2\/tags?post=7164"}],"curies":[{"name":"wp","href":"https:\/\/api.w.org\/{rel}","templated":true}]}}