{"id":7114,"date":"2024-10-22T13:23:38","date_gmt":"2024-10-22T11:23:38","guid":{"rendered":"https:\/\/elcafedepipa.com\/?p=7114"},"modified":"2024-10-22T13:23:39","modified_gmt":"2024-10-22T11:23:39","slug":"emsevall-convoca-tres-places-de-personal-laboral-indefinit-a-temps-complet","status":"publish","type":"post","link":"https:\/\/elcafedepipa.com\/index.php\/2024\/10\/22\/emsevall-convoca-tres-places-de-personal-laboral-indefinit-a-temps-complet\/","title":{"rendered":"Emsevall convoca tres places de personal laboral indefinit a temps complet"},"content":{"rendered":"\n<p><strong>Les bases es publicaran\u00a0aquesta\u00a0setmana en el Butllet\u00ed Oficial de la Prov\u00edncia i hi haur\u00e0\u00a020\u00a0dies h\u00e0bils per a presentar la\u00a0sol\u00b7licitud<\/strong><\/p>\n\n\n\n<p>L&#8217;empresa p\u00fablica&nbsp;Emsevall&nbsp;ha convocat dos processos de selecci\u00f3 per a cobrir tres places de personal laboral indefinit a temps complet. Es tracta de&nbsp;dos&nbsp;places d&#8217;informador\/a tur\u00edstic\/a (una fixa i una fixa discont\u00ednua) per a la&nbsp;Tourist&nbsp;Info, i una pla\u00e7a de personal de taquilla (fixa) per a les Coves de Sant Josep. El proc\u00e9s selectiu es realitzar\u00e0 mitjan\u00e7ant el sistema de concurs-oposici\u00f3, que constar\u00e0 de dues fases: dos ex\u00e0mens te\u00f2rics i la valoraci\u00f3 de m\u00e8rits.<\/p>\n\n\n\n<p>La convocat\u00f2ria est\u00e0 pendent de la seua publicaci\u00f3 en el Butllet\u00ed Oficial de la Prov\u00edncia, que previsiblement es far\u00e0&nbsp;aquesta&nbsp;setmana. A partir d&#8217;eixe moment, s&#8217;obrir\u00e0 un per\u00edode de&nbsp;20&nbsp;dies h\u00e0bils per a presentar les sol\u00b7licituds i la documentaci\u00f3 requerida. Tota la informaci\u00f3 relacionada amb el proc\u00e9s, incloent-hi les bases, dates, requisits i temari, es publicar\u00e0 en la p\u00e0gina web www.emsevall.es i es donar\u00e0 difusi\u00f3 a trav\u00e9s de les xarxes socials.<\/p>\n\n\n\n<p>Per a optar a&nbsp;aquestes&nbsp;places, es requerix la titulaci\u00f3 de t\u00e8cnic\/a superior de formaci\u00f3 professional (o equivalent) en guia, informaci\u00f3 i assist\u00e8ncia tur\u00edstica, aix\u00ed com un nivell B2 d&#8217;idioma estranger. Les persones que superen el proc\u00e9s selectiu, per\u00f2&nbsp;no obtinguen pla\u00e7a formaran part d&#8217;una borsa de treball que es crear\u00e0 a partir d&#8217;aquesta&nbsp;convocat\u00f2ria.<\/p>\n\n\n\n<p>El conseller delegat d&#8217;Emsevall,&nbsp;Javier&nbsp;Ferreres, ha destacat que&nbsp;aquesta&nbsp;\u00e9s \u201cuna nova oportunitat laboral que oferim des de l&#8217;empresa p\u00fablica de l&#8217;Ajuntament de la Vall d\u2019Uix\u00f3\u201d, i ha recordat que en les \u00faltimes setmanes tamb\u00e9 s&#8217;han obert processos de selecci\u00f3 per a les places de barquer\/a a les Coves de Sant Josep i de fisioterapeuta en la piscina municipal coberta.<\/p>\n","protected":false},"excerpt":{"rendered":"<p>Les bases es publicaran\u00a0aquesta\u00a0setmana en el Butllet\u00ed Oficial de la Prov\u00edncia i hi haur\u00e0\u00a020\u00a0dies h\u00e0bils per a presentar la\u00a0sol\u00b7licitud L&#8217;empresa p\u00fablica&nbsp;Emsevall&nbsp;ha convocat dos processos de selecci\u00f3 per a cobrir tres places de personal laboral indefinit a temps complet. Es tracta de&nbsp;dos&nbsp;places d&#8217;informador\/a tur\u00edstic\/a (una fixa i una fixa discont\u00ednua) per a la&nbsp;Tourist&nbsp;Info, i una pla\u00e7a &#8230; <a title=\"Emsevall convoca tres places de personal laboral indefinit a temps complet\" class=\"read-more\" href=\"https:\/\/elcafedepipa.com\/index.php\/2024\/10\/22\/emsevall-convoca-tres-places-de-personal-laboral-indefinit-a-temps-complet\/\" aria-label=\"M\u00e9s informaci\u00f3 sobre Emsevall convoca tres places de personal laboral indefinit a temps complet\">Read more<\/a><\/p>\n","protected":false},"author":2,"featured_media":0,"comment_status":"closed","ping_status":"closed","sticky":false,"template":"","format":"standard","meta":{"om_disable_all_campaigns":false,"_monsterinsights_skip_tracking":false,"_monsterinsights_sitenote_active":false,"_monsterinsights_sitenote_note":"","_monsterinsights_sitenote_category":0,"_uf_show_specific_survey":0,"_uf_disable_surveys":false,"footnotes":""},"categories":[2],"tags":[],"class_list":["post-7114","post","type-post","status-publish","format-standard","hentry","category-lavallduixo"],"_links":{"self":[{"href":"https:\/\/elcafedepipa.com\/index.php\/wp-json\/wp\/v2\/posts\/7114","targetHints":{"allow":["GET"]}}],"collection":[{"href":"https:\/\/elcafedepipa.com\/index.php\/wp-json\/wp\/v2\/posts"}],"about":[{"href":"https:\/\/elcafedepipa.com\/index.php\/wp-json\/wp\/v2\/types\/post"}],"author":[{"embeddable":true,"href":"https:\/\/elcafedepipa.com\/index.php\/wp-json\/wp\/v2\/users\/2"}],"replies":[{"embeddable":true,"href":"https:\/\/elcafedepipa.com\/index.php\/wp-json\/wp\/v2\/comments?post=7114"}],"version-history":[{"count":0,"href":"https:\/\/elcafedepipa.com\/index.php\/wp-json\/wp\/v2\/posts\/7114\/revisions"}],"wp:attachment":[{"href":"https:\/\/elcafedepipa.com\/index.php\/wp-json\/wp\/v2\/media?parent=7114"}],"wp:term":[{"taxonomy":"category","embeddable":true,"href":"https:\/\/elcafedepipa.com\/index.php\/wp-json\/wp\/v2\/categories?post=7114"},{"taxonomy":"post_tag","embeddable":true,"href":"https:\/\/elcafedepipa.com\/index.php\/wp-json\/wp\/v2\/tags?post=7114"}],"curies":[{"name":"wp","href":"https:\/\/api.w.org\/{rel}","templated":true}]}}