{"id":7093,"date":"2024-10-22T08:26:18","date_gmt":"2024-10-22T06:26:18","guid":{"rendered":"https:\/\/elcafedepipa.com\/?p=7093"},"modified":"2024-10-22T08:26:20","modified_gmt":"2024-10-22T06:26:20","slug":"el-pp-de-la-vall-duixo-denuncia-que-lalcaldessa-veta-una-iniciativa-per-a-ajornar-la-taxa-de-residus","status":"publish","type":"post","link":"https:\/\/elcafedepipa.com\/index.php\/2024\/10\/22\/el-pp-de-la-vall-duixo-denuncia-que-lalcaldessa-veta-una-iniciativa-per-a-ajornar-la-taxa-de-residus\/","title":{"rendered":"El PP de la Vall d&#8217;Uix\u00f3 denuncia que l&#8217;alcaldessa veta una iniciativa per a ajornar la taxa de residus"},"content":{"rendered":"\n<p><strong>L&#8217;alcaldessa i els seus edils rebutgen elevar al ple el debat de la proposta del PP<\/strong><\/p>\n\n\n\n<p>L&#8217;alcaldessa de la Vall d&#8217;Uix\u00f3,&nbsp;Tania&nbsp;Ba\u00f1os, ha rebutjat la proposta presentada pel Partit Popular en la comissi\u00f3 informativa per demanar una morat\u00f2ria en l&#8217;aplicaci\u00f3 de la taxa de residus, coneguda com a \u2018basurazo\u2019.&nbsp;Aquesta&nbsp;proposta buscava ajornar l&#8217;aplicaci\u00f3 de la taxa impulsada pel govern central i havia de ser debatuda en el ple municipal.<\/p>\n\n\n\n<p>Segons el portaveu del PP a la Vall d&#8217;Uix\u00f3,&nbsp;Herminio&nbsp;Serra, mentre la resta de formacions pol\u00edtiques es van abstenir en la votaci\u00f3, el PSOE va votar en contra, impedint que la proposta es debatera en el ple. Serra ha expressat la seua preocupaci\u00f3 per la situaci\u00f3, afirmant que la taxa de residus s&#8217;est\u00e0 aplicant sense oferir alternatives, i ha assenyalat que Europa nom\u00e9s recomana mesures per millorar el reciclatge, per\u00f2 no imposa taxes espec\u00edfiques.<\/p>\n\n\n\n<p>La llei 7\/2022, de 8 d&#8217;abril, que&nbsp;estableix&nbsp;aquesta&nbsp;taxa, va ser aprovada&nbsp;a nivell estatal. El Partit Popular ha proposat no nom\u00e9s una morat\u00f2ria en la seua implementaci\u00f3, sin\u00f3 tamb\u00e9 mecanismes per facilitar el cofinan\u00e7ament per part dels ajuntaments, de manera que no recaiga tot el cost en els ciutadans.<\/p>\n\n\n\n<p>Finalment, Serra ha destacat que el seu partit continuar\u00e0 treballant per difondre la seua postura entre la poblaci\u00f3 i oferir alternatives a la taxa de residus, mentre que l&#8217;alcaldessa ha defensat la legalitat de la mesura i la seua aplicaci\u00f3 en el municipi.<\/p>\n","protected":false},"excerpt":{"rendered":"<p>L&#8217;alcaldessa i els seus edils rebutgen elevar al ple el debat de la proposta del PP L&#8217;alcaldessa de la Vall d&#8217;Uix\u00f3,&nbsp;Tania&nbsp;Ba\u00f1os, ha rebutjat la proposta presentada pel Partit Popular en la comissi\u00f3 informativa per demanar una morat\u00f2ria en l&#8217;aplicaci\u00f3 de la taxa de residus, coneguda com a \u2018basurazo\u2019.&nbsp;Aquesta&nbsp;proposta buscava ajornar l&#8217;aplicaci\u00f3 de la taxa impulsada &#8230; <a title=\"El PP de la Vall d&#8217;Uix\u00f3 denuncia que l&#8217;alcaldessa veta una iniciativa per a ajornar la taxa de residus\" class=\"read-more\" href=\"https:\/\/elcafedepipa.com\/index.php\/2024\/10\/22\/el-pp-de-la-vall-duixo-denuncia-que-lalcaldessa-veta-una-iniciativa-per-a-ajornar-la-taxa-de-residus\/\" aria-label=\"M\u00e9s informaci\u00f3 sobre El PP de la Vall d&#8217;Uix\u00f3 denuncia que l&#8217;alcaldessa veta una iniciativa per a ajornar la taxa de residus\">Read more<\/a><\/p>\n","protected":false},"author":2,"featured_media":0,"comment_status":"closed","ping_status":"closed","sticky":false,"template":"","format":"standard","meta":{"om_disable_all_campaigns":false,"_monsterinsights_skip_tracking":false,"_monsterinsights_sitenote_active":false,"_monsterinsights_sitenote_note":"","_monsterinsights_sitenote_category":0,"_uf_show_specific_survey":0,"_uf_disable_surveys":false,"footnotes":""},"categories":[2],"tags":[],"class_list":["post-7093","post","type-post","status-publish","format-standard","hentry","category-lavallduixo"],"_links":{"self":[{"href":"https:\/\/elcafedepipa.com\/index.php\/wp-json\/wp\/v2\/posts\/7093","targetHints":{"allow":["GET"]}}],"collection":[{"href":"https:\/\/elcafedepipa.com\/index.php\/wp-json\/wp\/v2\/posts"}],"about":[{"href":"https:\/\/elcafedepipa.com\/index.php\/wp-json\/wp\/v2\/types\/post"}],"author":[{"embeddable":true,"href":"https:\/\/elcafedepipa.com\/index.php\/wp-json\/wp\/v2\/users\/2"}],"replies":[{"embeddable":true,"href":"https:\/\/elcafedepipa.com\/index.php\/wp-json\/wp\/v2\/comments?post=7093"}],"version-history":[{"count":0,"href":"https:\/\/elcafedepipa.com\/index.php\/wp-json\/wp\/v2\/posts\/7093\/revisions"}],"wp:attachment":[{"href":"https:\/\/elcafedepipa.com\/index.php\/wp-json\/wp\/v2\/media?parent=7093"}],"wp:term":[{"taxonomy":"category","embeddable":true,"href":"https:\/\/elcafedepipa.com\/index.php\/wp-json\/wp\/v2\/categories?post=7093"},{"taxonomy":"post_tag","embeddable":true,"href":"https:\/\/elcafedepipa.com\/index.php\/wp-json\/wp\/v2\/tags?post=7093"}],"curies":[{"name":"wp","href":"https:\/\/api.w.org\/{rel}","templated":true}]}}